{"id":304,"date":"2011-04-14T19:48:23","date_gmt":"2011-04-14T19:48:23","guid":{"rendered":"https:\/\/www.compositeur-arrangeur.com\/blog\/165-apprendre-a-composer-de-la-musique-orchestrale\/"},"modified":"2011-04-14T19:48:23","modified_gmt":"2011-04-14T19:48:23","slug":"165-apprendre-a-composer-de-la-musique-orchestrale","status":"publish","type":"post","link":"https:\/\/www.compositeur-arrangeur.com\/blog\/165-apprendre-a-composer-de-la-musique-orchestrale\/","title":{"rendered":"Apprendre \u00e0 composer de la musique orchestrale"},"content":{"rendered":"<p>\nC&rsquo;est en lisant derni\u00e8rement un Bulletin Officiel (BO) de l&rsquo;Education Nationale que m&rsquo;est venu l&rsquo;id\u00e9e d&rsquo;\u00e9crire un billet \u00e0 la mani\u00e8re des \u00ab\u00a0professionnels de l&rsquo;enseignement\u00a0\u00bb (je ne parle pas des profs, mais de ceux qui dans leurs bureaux expliquent aux profs comment \u00ab\u00a0expliquer\u00a0\u00bb ) : <\/p>\n<p>\u00e7a donne :<\/p>\n<p>Sans pour autant se substituer \u00e0 la d\u00e9marche institutionnelle collective (ou individuelle) men\u00e9e par les<br \/>\nespaces scolaires sp\u00e9cialis\u00e9s dans la musique, il n&rsquo;est pas d\u00e9fendu de suivre le concept empirique li\u00e9 \u00e0 la formation exp\u00e9rientielle et la notion d&rsquo;apprentissage auto-dirig\u00e9. Pour se faire, l&rsquo;apprenant devra privil\u00e9gier, seul, les champs prioritaires de pratiques p\u00e9dagogiques telles que l&rsquo;ensemble des actions visant \u00e0 offrir l&rsquo;appui et les ressources n\u00e9cessaires \u00e0 la construction de son savoir et de son savoir faire musical  :<\/p>\n<p>&#8211; Apprentissage et m\u00e9morisation par la discrimination visuelle et l&rsquo;analyse objective de documents philharmoniques estim\u00e9s et r\u00e9pandus.<\/p>\n<p>&#8211; Apprentissage par l&rsquo;observation auditive s\u00e9lective de supports compacts num\u00e9riques d&rsquo;\u0153uvres pr\u00e9-enregistr\u00e9es appartenant au recueil orchestral traditionnel ou filmique.<\/p>\n<p>&#8211; Concr\u00e9tisations et d\u00e9marches incitatives de mat\u00e9rialisation de coloris sonores par l&rsquo;appropriation des outils informatiques de cr\u00e9ation et de production.<\/p>\n<p>&#8211; Favoriser le dialogue et la transmission par l&rsquo;exploration des technologies d&rsquo;information et de communication (TIC) <\/p>\n<p>Pr\u00e9cisons que pour chaque auteur en devenir, d&rsquo;\u0153uvres musicales, de part son \u00e9ducabilit\u00e9, son penchant naturel vers l&rsquo;auto-\u00e9valuation par ses pairs et sa facult\u00e9 de rem\u00e9diation, la faisabilit\u00e9 d&rsquo;une telle praxis n&rsquo;interf\u00e8re en aucun cas la coh\u00e9rence des d\u00e9marches d&rsquo;apprentissages socio-constructives des institutions \u00e9ducatives suscit\u00e9es, la compatibilit\u00e9 de ces actions inf\u00e9rant une meilleure ma\u00eetrise cr\u00e9ative.<\/p>\n<p>Allez, je vous donne quand m\u00eame une version plus \u00ab\u00a0simpliste\u00a0\u00bb :<\/p>\n<p>Astuce : petits exercices \u00e0 faire chez soi pour progresser en harmonie et orchestration, en compl\u00e9ment de ce que vous savez d\u00e9j\u00e0 faire (que vous soyez autodidacte ou que vous ayez suivi une formation au conservatoire) :<\/p>\n<p>&#8211; Observez attentivement des partitions de grands compositeurs (Mahler, Ravel, Beethoven&#8230;)<\/p>\n<p>&#8211; Ecoutez avec concentration des passages marquants de CD de musique classique ou de musique de film.<\/p>\n<p>&#8211; Testez vos propres orchestrations (doublures, choix judicieux de tel instrument&#8230;). Dans un s\u00e9quenceur et avec une banque de sons correcte, il est tr\u00e8s facile d&rsquo;exp\u00e9rimenter.<\/p>\n<p>&#8211; Faites \u00e9couter votre travail, faites vous conna\u00eetre en cr\u00e9ant votre page perso. Demandez l&rsquo;avis d&rsquo;autres compositeurs, d\u00e9couvrez leurs id\u00e9es, \u00e9changez vos astuces sur des forums de discussion&#8230;<\/p>\n","protected":false},"excerpt":{"rendered":"<p>C&rsquo;est en lisant derni\u00e8rement un Bulletin Officiel (BO) de l&rsquo;Education Nationale que m&rsquo;est venu l&rsquo;id\u00e9e d&rsquo;\u00e9crire un billet \u00e0 la mani\u00e8re des \u00ab\u00a0professionnels de l&rsquo;enseignement\u00a0\u00bb (je ne parle pas des profs, mais de ceux qui dans leurs bureaux expliquent aux profs comment \u00ab\u00a0expliquer\u00a0\u00bb ) : \u00e7a donne : Sans pour autant se substituer \u00e0 la [&hellip;]<\/p>\n","protected":false},"author":2,"featured_media":0,"comment_status":"closed","ping_status":"closed","sticky":false,"template":"","format":"standard","meta":{"site-sidebar-layout":"default","site-content-layout":"","ast-site-content-layout":"","site-content-style":"default","site-sidebar-style":"default","ast-global-header-display":"","ast-banner-title-visibility":"","ast-main-header-display":"","ast-hfb-above-header-display":"","ast-hfb-below-header-display":"","ast-hfb-mobile-header-display":"","site-post-title":"","ast-breadcrumbs-content":"","ast-featured-img":"","footer-sml-layout":"","theme-transparent-header-meta":"","adv-header-id-meta":"","stick-header-meta":"","header-above-stick-meta":"","header-main-stick-meta":"","header-below-stick-meta":"","astra-migrate-meta-layouts":"default","ast-page-background-enabled":"default","ast-page-background-meta":{"desktop":{"background-color":"var(--ast-global-color-4)","background-image":"","background-repeat":"repeat","background-position":"center center","background-size":"auto","background-attachment":"scroll","background-type":"","background-media":"","overlay-type":"","overlay-color":"","overlay-gradient":""},"tablet":{"background-color":"","background-image":"","background-repeat":"repeat","background-position":"center center","background-size":"auto","background-attachment":"scroll","background-type":"","background-media":"","overlay-type":"","overlay-color":"","overlay-gradient":""},"mobile":{"background-color":"","background-image":"","background-repeat":"repeat","background-position":"center center","background-size":"auto","background-attachment":"scroll","background-type":"","background-media":"","overlay-type":"","overlay-color":"","overlay-gradient":""}},"ast-content-background-meta":{"desktop":{"background-color":"var(--ast-global-color-5)","background-image":"","background-repeat":"repeat","background-position":"center center","background-size":"auto","background-attachment":"scroll","background-type":"","background-media":"","overlay-type":"","overlay-color":"","overlay-gradient":""},"tablet":{"background-color":"var(--ast-global-color-5)","background-image":"","background-repeat":"repeat","background-position":"center center","background-size":"auto","background-attachment":"scroll","background-type":"","background-media":"","overlay-type":"","overlay-color":"","overlay-gradient":""},"mobile":{"background-color":"var(--ast-global-color-5)","background-image":"","background-repeat":"repeat","background-position":"center center","background-size":"auto","background-attachment":"scroll","background-type":"","background-media":"","overlay-type":"","overlay-color":"","overlay-gradient":""}},"footnotes":""},"categories":[2],"tags":[],"class_list":["post-304","post","type-post","status-publish","format-standard","hentry","category-devenir-compositeur-pour-limage"],"_links":{"self":[{"href":"https:\/\/www.compositeur-arrangeur.com\/blog\/wp-json\/wp\/v2\/posts\/304","targetHints":{"allow":["GET"]}}],"collection":[{"href":"https:\/\/www.compositeur-arrangeur.com\/blog\/wp-json\/wp\/v2\/posts"}],"about":[{"href":"https:\/\/www.compositeur-arrangeur.com\/blog\/wp-json\/wp\/v2\/types\/post"}],"author":[{"embeddable":true,"href":"https:\/\/www.compositeur-arrangeur.com\/blog\/wp-json\/wp\/v2\/users\/2"}],"replies":[{"embeddable":true,"href":"https:\/\/www.compositeur-arrangeur.com\/blog\/wp-json\/wp\/v2\/comments?post=304"}],"version-history":[{"count":0,"href":"https:\/\/www.compositeur-arrangeur.com\/blog\/wp-json\/wp\/v2\/posts\/304\/revisions"}],"wp:attachment":[{"href":"https:\/\/www.compositeur-arrangeur.com\/blog\/wp-json\/wp\/v2\/media?parent=304"}],"wp:term":[{"taxonomy":"category","embeddable":true,"href":"https:\/\/www.compositeur-arrangeur.com\/blog\/wp-json\/wp\/v2\/categories?post=304"},{"taxonomy":"post_tag","embeddable":true,"href":"https:\/\/www.compositeur-arrangeur.com\/blog\/wp-json\/wp\/v2\/tags?post=304"}],"curies":[{"name":"wp","href":"https:\/\/api.w.org\/{rel}","templated":true}]}}