{"id":305,"date":"2010-04-24T12:36:35","date_gmt":"2010-04-24T12:36:35","guid":{"rendered":"https:\/\/www.compositeur-arrangeur.com\/blog\/167-a-la-maniere-de-danny-elfman-rise-of-the-martian-compose-par-julien-auclair\/"},"modified":"2010-04-24T12:36:35","modified_gmt":"2010-04-24T12:36:35","slug":"167-a-la-maniere-de-danny-elfman-rise-of-the-martian-compose-par-julien-auclair","status":"publish","type":"post","link":"https:\/\/www.compositeur-arrangeur.com\/blog\/167-a-la-maniere-de-danny-elfman-rise-of-the-martian-compose-par-julien-auclair\/","title":{"rendered":"A la mani\u00e8re de Danny Elfman : Rise Of The Martians, compos\u00e9 par Julien Auclair."},"content":{"rendered":"<p><\/p>\n<p>Je vous invite \u00e0 d\u00e9couvrir ce petit morceau de <a href=\"http:\/\/julienauclair.perso.neuf.fr\/\" target=\"_blank\" rel=\"nofollow noopener\" onclick=\"javascript: pageTracker._trackPageview (&#039;\/blogout\/julienauclair.perso.neuf.fr\/&#039;);\">Julien Auclair<\/a> qui s&rsquo;intitule <strong>Rise Of The Martians<\/strong>, petit clin d&rsquo;\u0153il \u00e0 <a href=\"http:\/\/marsattacks.warnerbros.com\/cmp\/5-main.html\" target=\"_blank\" rel=\"noopener nofollow\">Mars Attacks<\/a> de <a href=\"http:\/\/squaremusic.ffworld.com\/elfman\/\" target=\"_blank\" rel=\"noopener nofollow\">Danny Elfman<\/a>. <\/p>\n<p><strong>Rise Of The Martians<\/strong><\/p>\n<p>https:\/\/www.latroika.com\/mp3\/tanguy-follio\/blog\/Rise of the martians.mp3<\/p>\n<p>Pour la petite histoire, Julien a simul\u00e9 un son d&rsquo;ondes Martenot, en suivant une m\u00e9thode que j&rsquo;avais expliqu\u00e9e dans l&rsquo;un de mes billets : <a href=\"https:\/\/www.compositeur-arrangeur.com\/blog\/72-simuler-des-ondes-martenot-dans-un-sequenceur-telque-cubase-sx\" target=\"_blank\" rel=\"noopener\"><ins>Simulation des ondes Martenot, dans un s\u00e9quenceur<\/ins><\/a>. Cela me fait bien plaisir de constater que mes articles peuvent servir de temps en temps \ud83d\ude09<\/p>\n<p>Personnellement, dans Rise Of The Martians, j&rsquo;aime beaucoup le passage de 1&rsquo;30 \u00e0 2&rsquo;00, o\u00f9 les ondes Martenots sont doubl\u00e9es par un son de violons, (sur un tapis de cuivres assez doux, tout en progression)&#8230; Dans ce passage, Julien nous offre une th\u00e9matique \u00e0 la fois inqui\u00e9tante et ironique, qui correspond parfaitement \u00e0 l&rsquo;univers de Mars Attacks.<\/p>\n<p>Quelques d\u00e9tails concernant cette musique :<\/p>\n<ul>\n<li>S\u00e9quenceur <a href=\"http:\/\/fr.wikipedia.org\/wiki\/Pro_Tools\" target=\"_blank\" rel=\"noopener nofollow\">Pro Tools<\/a> sur Mac<\/li>\n<li>Lecteur d&rsquo;\u00e9chantillons : <a href=\"http:\/\/www.macmusic.org\/software\/view.php\/lang\/fr\/id\/5317\/Kontakt-Player\" target=\"_blank\" rel=\"noopener nofollow\">Kontakt<\/a><\/li>\n<li>Banque de sons : <a href=\"http:\/\/www.soundsonline.com\/EastWest-Quantum-Leap-Symphonic-Orchestra-PLAY-Editions-pr-EW-177.html\" target=\"_blank\" rel=\"noopener nofollow\">East West Symphonic Orchestra<\/a>, <a href=\"https:\/\/www.compositeur-arrangeur.com\/blog\/119-symphobia-du-tres-gros-son-orchestral-le-dernier-ne-de-projectsam\" target=\"_blank\" rel=\"noopener\">Symphobia<\/a> et <a href=\"http:\/\/www.reasonfrance.fr\/\" target=\"_blank\" rel=\"noopener nofollow\">Reason<\/a><\/li>\n<li>Ondes Martenot (simul\u00e9es) : Son pur sinuso\u00efdal + vibrato + r\u00e9verbe<\/li>\n<li>Chronologie : recherche du th\u00e8me, pose des cordes puis des cuivres.<\/li>\n<li>Temps de r\u00e9alisation : environ 2 jours (composition, orchestration, modifications, r\u00e9-orchestration etc&#8230;)<\/li>\n<\/ul>\n<p><\/p>\n<p>Pour en savoir plus, visitez le site de <a href=\"http:\/\/julienauclair.perso.neuf.fr\/\" target=\"_blank\" rel=\"nofollow noopener\" onclick=\"javascript: pageTracker._trackPageview (&#039;\/blogout\/julienauclair.perso.neuf.fr\/&#039;);\"><ins><strong>Julien Auclair<\/strong><\/ins><\/a> (Long m\u00e9trage, Pubs TV, Mac Donald, Canal Jimmy etc&#8230;)<\/p>\n","protected":false},"excerpt":{"rendered":"<p>Je vous invite \u00e0 d\u00e9couvrir ce petit morceau de Julien Auclair qui s&rsquo;intitule Rise Of The Martians, petit clin d&rsquo;\u0153il \u00e0 Mars Attacks de Danny Elfman. Rise Of The Martians https:\/\/www.latroika.com\/mp3\/tanguy-follio\/blog\/Rise of the martians.mp3 Pour la petite histoire, Julien a simul\u00e9 un son d&rsquo;ondes Martenot, en suivant une m\u00e9thode que j&rsquo;avais expliqu\u00e9e dans l&rsquo;un de [&hellip;]<\/p>\n","protected":false},"author":2,"featured_media":0,"comment_status":"closed","ping_status":"closed","sticky":false,"template":"","format":"standard","meta":{"site-sidebar-layout":"default","site-content-layout":"","ast-site-content-layout":"","site-content-style":"default","site-sidebar-style":"default","ast-global-header-display":"","ast-banner-title-visibility":"","ast-main-header-display":"","ast-hfb-above-header-display":"","ast-hfb-below-header-display":"","ast-hfb-mobile-header-display":"","site-post-title":"","ast-breadcrumbs-content":"","ast-featured-img":"","footer-sml-layout":"","theme-transparent-header-meta":"","adv-header-id-meta":"","stick-header-meta":"","header-above-stick-meta":"","header-main-stick-meta":"","header-below-stick-meta":"","astra-migrate-meta-layouts":"default","ast-page-background-enabled":"default","ast-page-background-meta":{"desktop":{"background-color":"var(--ast-global-color-4)","background-image":"","background-repeat":"repeat","background-position":"center center","background-size":"auto","background-attachment":"scroll","background-type":"","background-media":"","overlay-type":"","overlay-color":"","overlay-gradient":""},"tablet":{"background-color":"","background-image":"","background-repeat":"repeat","background-position":"center center","background-size":"auto","background-attachment":"scroll","background-type":"","background-media":"","overlay-type":"","overlay-color":"","overlay-gradient":""},"mobile":{"background-color":"","background-image":"","background-repeat":"repeat","background-position":"center center","background-size":"auto","background-attachment":"scroll","background-type":"","background-media":"","overlay-type":"","overlay-color":"","overlay-gradient":""}},"ast-content-background-meta":{"desktop":{"background-color":"var(--ast-global-color-5)","background-image":"","background-repeat":"repeat","background-position":"center center","background-size":"auto","background-attachment":"scroll","background-type":"","background-media":"","overlay-type":"","overlay-color":"","overlay-gradient":""},"tablet":{"background-color":"var(--ast-global-color-5)","background-image":"","background-repeat":"repeat","background-position":"center center","background-size":"auto","background-attachment":"scroll","background-type":"","background-media":"","overlay-type":"","overlay-color":"","overlay-gradient":""},"mobile":{"background-color":"var(--ast-global-color-5)","background-image":"","background-repeat":"repeat","background-position":"center center","background-size":"auto","background-attachment":"scroll","background-type":"","background-media":"","overlay-type":"","overlay-color":"","overlay-gradient":""}},"footnotes":""},"categories":[8],"tags":[],"class_list":["post-305","post","type-post","status-publish","format-standard","hentry","category-mes-coups-de-coeur"],"_links":{"self":[{"href":"https:\/\/www.compositeur-arrangeur.com\/blog\/wp-json\/wp\/v2\/posts\/305","targetHints":{"allow":["GET"]}}],"collection":[{"href":"https:\/\/www.compositeur-arrangeur.com\/blog\/wp-json\/wp\/v2\/posts"}],"about":[{"href":"https:\/\/www.compositeur-arrangeur.com\/blog\/wp-json\/wp\/v2\/types\/post"}],"author":[{"embeddable":true,"href":"https:\/\/www.compositeur-arrangeur.com\/blog\/wp-json\/wp\/v2\/users\/2"}],"replies":[{"embeddable":true,"href":"https:\/\/www.compositeur-arrangeur.com\/blog\/wp-json\/wp\/v2\/comments?post=305"}],"version-history":[{"count":0,"href":"https:\/\/www.compositeur-arrangeur.com\/blog\/wp-json\/wp\/v2\/posts\/305\/revisions"}],"wp:attachment":[{"href":"https:\/\/www.compositeur-arrangeur.com\/blog\/wp-json\/wp\/v2\/media?parent=305"}],"wp:term":[{"taxonomy":"category","embeddable":true,"href":"https:\/\/www.compositeur-arrangeur.com\/blog\/wp-json\/wp\/v2\/categories?post=305"},{"taxonomy":"post_tag","embeddable":true,"href":"https:\/\/www.compositeur-arrangeur.com\/blog\/wp-json\/wp\/v2\/tags?post=305"}],"curies":[{"name":"wp","href":"https:\/\/api.w.org\/{rel}","templated":true}]}}