{"id":319,"date":"2009-10-11T14:40:07","date_gmt":"2009-10-11T14:40:07","guid":{"rendered":"https:\/\/www.compositeur-arrangeur.com\/blog\/176-amadeus-de-milos-forman-sur-arte\/"},"modified":"2009-10-11T14:40:07","modified_gmt":"2009-10-11T14:40:07","slug":"176-amadeus-de-milos-forman-sur-arte","status":"publish","type":"post","link":"https:\/\/www.compositeur-arrangeur.com\/blog\/176-amadeus-de-milos-forman-sur-arte\/","title":{"rendered":"Amadeus, de Milos Forman, sur Arte"},"content":{"rendered":"<p>\nJuste un petit rappel pour signaler la diffusion du film <a href=\"http:\/\/absolutezone.wordpress.com\/2009\/05\/21\/amadeus-de-milos-forman\/\" target=\"_blank\" rel=\"nofollow noopener\" onclick=\"javascript: pageTracker._trackPageview (&#039;\/blogout\/absolutezone.wordpress.com\/2009\/05\/21\/amadeus-de-milos-forman\/&#039;);\">Amadeus<\/a>, ce soir (dimanche 11 octobre 2009) sur Arte, \u00e0 20h45.<\/p>\n<ul>\n<li>R\u00e9alisateur : <a href=\"http:\/\/fr.wikipedia.org\/wiki\/Milo%C5%A1_Forman\" target=\"_blank\" rel=\"nofollow noopener\" onclick=\"javascript: pageTracker._trackPageview (&#039;\/blogout\/fr.wikipedia.org\/wiki\/Milo%C5%A1_Forman&#039;);\">Milos Forman<\/a><\/li>\n<li>Wolfgang Amadeus Mozart : <a href=\"http:\/\/www.imdb.com\/name\/nm0001371\/\" target=\"_blank\" rel=\"nofollow noopener\" onclick=\"javascript: pageTracker._trackPageview (&#039;\/blogout\/imdb.com\/name\/nm0001371\/&#039;);\">Tom Hulce<\/a><\/li>\n<li>Antonio Salieri : <a href=\"http:\/\/www.cinemapassion.com\/filmographie-acteur-F.%20Murray%20ABRAHAM-1.html\" target=\"_blank\" rel=\"nofollow noopener\" onclick=\"javascript: pageTracker._trackPageview (&#039;\/blogout\/cinemapassion.com\/filmographie-acteur-F.%20Murray%20ABRAHAM-1.html&#039;);\">Fahrid Murray Abraham<\/a><\/li>\n<li>L\u00e9opold Mozart : <a href=\"http:\/\/www.roydotrice.com\/\" target=\"_blank\" rel=\"nofollow noopener\" onclick=\"javascript: pageTracker._trackPageview (&#039;\/blogout\/roydotrice.com\/&#039;);\">Roy Dotrice<\/a><\/li>\n<\/ul>\n<p>Un film d&rsquo;\u00e9poque qui oppose l&rsquo;\u0153uvre d&rsquo;un musicien de g\u00e9nie, \u00e0 son cr\u00e9ateur, personnage l\u00e9ger et impertinent (dans le film tout du moins). Des morceaux de vie de <a href=\"http:\/\/www.musicologie.org\/Biographies\/mozart_w_a.html\" target=\"_blank\" rel=\"nofollow noopener\" onclick=\"javascript: pageTracker._trackPageview (&#039;\/blogout\/musicologie.org\/Biographies\/mozart_w_a.html&#039;);\">Mozart<\/a> rapport\u00e9s par un <a href=\"http:\/\/constanze-mozart.com\/html\/pages\/antonio-salieri.htm\" target=\"_blank\" rel=\"nofollow noopener\" onclick=\"javascript: pageTracker._trackPageview (&#039;\/blogout\/constanze-mozart.com\/html\/pages\/antonio-salieri.htm&#039;);\">Salieri<\/a>, compositeur de la cour, jaloux et plus qu&rsquo;agac\u00e9 par le comportement d\u00e9sinvolte du jeune Wolfgang. <\/p>\n<p>Un film th\u00e9\u00e2tral, pas tout \u00e0 fait rigoureux sur le plan historique, mais tr\u00e8s fort en personnalit\u00e9, et parfaitement illustr\u00e9 par une bande musicale \u00e9crite par le ma\u00eetre lui m\u00eame (\u00e9videmment). Un vrai r\u00e9gal pour les yeux et les oreilles !<\/p>\n<div align=\"center\"><img decoding=\"async\" src=\"https:\/\/www.compositeur-arrangeur.com\/blog\/wp-content\/uploads\/2021\/06\/hulce.jpg\" alt=\"Tom Hulce Amadeus\" \/><\/p>\n<p><strong>L&rsquo;incroyable Hulce<\/strong><\/div>\n<p>Allez, j&rsquo;en  profite  pour replacer ma blague sur Mozart : <\/p>\n<p>\u00ab\u00a0Lorsqu&rsquo;il arriva en Italie \u00e0 13 ans pour \u00e9tudier l&rsquo;Op\u00e9ra, il fut accueilli par une foule d&rsquo;admirateurs qui cri\u00e8rent en ch\u0153ur : Mozzarella Mozzarella !!!!\u00a0\u00bb<\/p>\n","protected":false},"excerpt":{"rendered":"<p>Juste un petit rappel pour signaler la diffusion du film Amadeus, ce soir (dimanche 11 octobre 2009) sur Arte, \u00e0 20h45. R\u00e9alisateur : Milos Forman Wolfgang Amadeus Mozart : Tom Hulce Antonio Salieri : Fahrid Murray Abraham L\u00e9opold Mozart : Roy Dotrice Un film d&rsquo;\u00e9poque qui oppose l&rsquo;\u0153uvre d&rsquo;un musicien de g\u00e9nie, \u00e0 son cr\u00e9ateur, [&hellip;]<\/p>\n","protected":false},"author":2,"featured_media":320,"comment_status":"closed","ping_status":"closed","sticky":false,"template":"","format":"standard","meta":{"site-sidebar-layout":"default","site-content-layout":"","ast-site-content-layout":"","site-content-style":"default","site-sidebar-style":"default","ast-global-header-display":"","ast-banner-title-visibility":"","ast-main-header-display":"","ast-hfb-above-header-display":"","ast-hfb-below-header-display":"","ast-hfb-mobile-header-display":"","site-post-title":"","ast-breadcrumbs-content":"","ast-featured-img":"","footer-sml-layout":"","theme-transparent-header-meta":"","adv-header-id-meta":"","stick-header-meta":"","header-above-stick-meta":"","header-main-stick-meta":"","header-below-stick-meta":"","astra-migrate-meta-layouts":"default","ast-page-background-enabled":"default","ast-page-background-meta":{"desktop":{"background-color":"var(--ast-global-color-4)","background-image":"","background-repeat":"repeat","background-position":"center center","background-size":"auto","background-attachment":"scroll","background-type":"","background-media":"","overlay-type":"","overlay-color":"","overlay-gradient":""},"tablet":{"background-color":"","background-image":"","background-repeat":"repeat","background-position":"center center","background-size":"auto","background-attachment":"scroll","background-type":"","background-media":"","overlay-type":"","overlay-color":"","overlay-gradient":""},"mobile":{"background-color":"","background-image":"","background-repeat":"repeat","background-position":"center center","background-size":"auto","background-attachment":"scroll","background-type":"","background-media":"","overlay-type":"","overlay-color":"","overlay-gradient":""}},"ast-content-background-meta":{"desktop":{"background-color":"var(--ast-global-color-5)","background-image":"","background-repeat":"repeat","background-position":"center center","background-size":"auto","background-attachment":"scroll","background-type":"","background-media":"","overlay-type":"","overlay-color":"","overlay-gradient":""},"tablet":{"background-color":"var(--ast-global-color-5)","background-image":"","background-repeat":"repeat","background-position":"center center","background-size":"auto","background-attachment":"scroll","background-type":"","background-media":"","overlay-type":"","overlay-color":"","overlay-gradient":""},"mobile":{"background-color":"var(--ast-global-color-5)","background-image":"","background-repeat":"repeat","background-position":"center center","background-size":"auto","background-attachment":"scroll","background-type":"","background-media":"","overlay-type":"","overlay-color":"","overlay-gradient":""}},"footnotes":""},"categories":[8],"tags":[],"class_list":["post-319","post","type-post","status-publish","format-standard","has-post-thumbnail","hentry","category-mes-coups-de-coeur"],"_links":{"self":[{"href":"https:\/\/www.compositeur-arrangeur.com\/blog\/wp-json\/wp\/v2\/posts\/319","targetHints":{"allow":["GET"]}}],"collection":[{"href":"https:\/\/www.compositeur-arrangeur.com\/blog\/wp-json\/wp\/v2\/posts"}],"about":[{"href":"https:\/\/www.compositeur-arrangeur.com\/blog\/wp-json\/wp\/v2\/types\/post"}],"author":[{"embeddable":true,"href":"https:\/\/www.compositeur-arrangeur.com\/blog\/wp-json\/wp\/v2\/users\/2"}],"replies":[{"embeddable":true,"href":"https:\/\/www.compositeur-arrangeur.com\/blog\/wp-json\/wp\/v2\/comments?post=319"}],"version-history":[{"count":0,"href":"https:\/\/www.compositeur-arrangeur.com\/blog\/wp-json\/wp\/v2\/posts\/319\/revisions"}],"wp:featuredmedia":[{"embeddable":true,"href":"https:\/\/www.compositeur-arrangeur.com\/blog\/wp-json\/wp\/v2\/media\/320"}],"wp:attachment":[{"href":"https:\/\/www.compositeur-arrangeur.com\/blog\/wp-json\/wp\/v2\/media?parent=319"}],"wp:term":[{"taxonomy":"category","embeddable":true,"href":"https:\/\/www.compositeur-arrangeur.com\/blog\/wp-json\/wp\/v2\/categories?post=319"},{"taxonomy":"post_tag","embeddable":true,"href":"https:\/\/www.compositeur-arrangeur.com\/blog\/wp-json\/wp\/v2\/tags?post=319"}],"curies":[{"name":"wp","href":"https:\/\/api.w.org\/{rel}","templated":true}]}}