{"id":331,"date":"2010-01-03T01:05:16","date_gmt":"2010-01-03T01:05:16","guid":{"rendered":"https:\/\/www.compositeur-arrangeur.com\/blog\/184-back-to-1990\/"},"modified":"2010-01-03T01:05:16","modified_gmt":"2010-01-03T01:05:16","slug":"184-back-to-1990","status":"publish","type":"post","link":"https:\/\/www.compositeur-arrangeur.com\/blog\/184-back-to-1990\/","title":{"rendered":"Back to 1990. Ma carri\u00e8re musicale \u00e0 l&rsquo;apog\u00e9e n\u00e9o-romantique post-adolescente&#8230;"},"content":{"rendered":"<p>\nAujourd&rsquo;hui 1er janvier 2010 : MEILLEURS V\u0152UX A TOUS !!!<\/p>\n<p>Il y a 20 ans jour pour jour, \u00e0 la suite d&rsquo;un r\u00e9veillon inoubliable \u00e0 Saint Broladre (35), je composais au piano un slow magnifique (selon moi \u00e0 l&rsquo;\u00e9poque).<br \/>\nNa\u00efvet\u00e9, maladresse, amour de jeunesse&#8230; On n&rsquo;est pas s\u00e9rieux quand on a 17 ans.<\/p>\n<audio class=\"wp-audio-shortcode\" id=\"audio-331-1\" preload=\"none\" style=\"width: 100%;\" controls=\"controls\"><source type=\"audio\/mpeg\" src=\"https:\/\/www.latroika.com\/mp3\/tanguy-follio\/blog\/tendrement.mp3?_=1\" \/><a href=\"https:\/\/www.latroika.com\/mp3\/tanguy-follio\/blog\/tendrement.mp3\" rel=\"nofollow noopener\" target=\"_blank\">https:\/\/www.latroika.com\/mp3\/tanguy-follio\/blog\/tendrement.mp3<\/a><\/audio>\n<p>Int\u00e9ressant tout de m\u00eame de constater au fil des ann\u00e9es une certaine maturation artistique. <br \/>\nMais faut pas croire qu&rsquo;on est devenu plus s\u00e9rieux \u00e0 37 ans &#8230; loin de l\u00e0 \ud83d\ude09<\/p>\n<p><img decoding=\"async\" src=\"https:\/\/www.compositeur-arrangeur.com\/blog\/wp-content\/uploads\/2021\/06\/Tanguy-trotinette.jpg\" alt=\"Tanguy Follio Plerguer\" \/><\/p>\n","protected":false},"excerpt":{"rendered":"<p>Aujourd&rsquo;hui 1er janvier 2010 : MEILLEURS V\u0152UX A TOUS !!! Il y a 20 ans jour pour jour, \u00e0 la suite d&rsquo;un r\u00e9veillon inoubliable \u00e0 Saint Broladre (35), je composais au piano un slow magnifique (selon moi \u00e0 l&rsquo;\u00e9poque). Na\u00efvet\u00e9, maladresse, amour de jeunesse&#8230; On n&rsquo;est pas s\u00e9rieux quand on a 17 ans. https:\/\/www.latroika.com\/mp3\/tanguy-follio\/blog\/tendrement.mp3 Int\u00e9ressant [&hellip;]<\/p>\n","protected":false},"author":2,"featured_media":332,"comment_status":"closed","ping_status":"closed","sticky":false,"template":"","format":"standard","meta":{"site-sidebar-layout":"default","site-content-layout":"","ast-site-content-layout":"","site-content-style":"default","site-sidebar-style":"default","ast-global-header-display":"","ast-banner-title-visibility":"","ast-main-header-display":"","ast-hfb-above-header-display":"","ast-hfb-below-header-display":"","ast-hfb-mobile-header-display":"","site-post-title":"","ast-breadcrumbs-content":"","ast-featured-img":"","footer-sml-layout":"","theme-transparent-header-meta":"","adv-header-id-meta":"","stick-header-meta":"","header-above-stick-meta":"","header-main-stick-meta":"","header-below-stick-meta":"","astra-migrate-meta-layouts":"default","ast-page-background-enabled":"default","ast-page-background-meta":{"desktop":{"background-color":"var(--ast-global-color-4)","background-image":"","background-repeat":"repeat","background-position":"center center","background-size":"auto","background-attachment":"scroll","background-type":"","background-media":"","overlay-type":"","overlay-color":"","overlay-gradient":""},"tablet":{"background-color":"","background-image":"","background-repeat":"repeat","background-position":"center center","background-size":"auto","background-attachment":"scroll","background-type":"","background-media":"","overlay-type":"","overlay-color":"","overlay-gradient":""},"mobile":{"background-color":"","background-image":"","background-repeat":"repeat","background-position":"center center","background-size":"auto","background-attachment":"scroll","background-type":"","background-media":"","overlay-type":"","overlay-color":"","overlay-gradient":""}},"ast-content-background-meta":{"desktop":{"background-color":"var(--ast-global-color-5)","background-image":"","background-repeat":"repeat","background-position":"center center","background-size":"auto","background-attachment":"scroll","background-type":"","background-media":"","overlay-type":"","overlay-color":"","overlay-gradient":""},"tablet":{"background-color":"var(--ast-global-color-5)","background-image":"","background-repeat":"repeat","background-position":"center center","background-size":"auto","background-attachment":"scroll","background-type":"","background-media":"","overlay-type":"","overlay-color":"","overlay-gradient":""},"mobile":{"background-color":"var(--ast-global-color-5)","background-image":"","background-repeat":"repeat","background-position":"center center","background-size":"auto","background-attachment":"scroll","background-type":"","background-media":"","overlay-type":"","overlay-color":"","overlay-gradient":""}},"footnotes":""},"categories":[8],"tags":[],"class_list":["post-331","post","type-post","status-publish","format-standard","has-post-thumbnail","hentry","category-mes-coups-de-coeur"],"_links":{"self":[{"href":"https:\/\/www.compositeur-arrangeur.com\/blog\/wp-json\/wp\/v2\/posts\/331","targetHints":{"allow":["GET"]}}],"collection":[{"href":"https:\/\/www.compositeur-arrangeur.com\/blog\/wp-json\/wp\/v2\/posts"}],"about":[{"href":"https:\/\/www.compositeur-arrangeur.com\/blog\/wp-json\/wp\/v2\/types\/post"}],"author":[{"embeddable":true,"href":"https:\/\/www.compositeur-arrangeur.com\/blog\/wp-json\/wp\/v2\/users\/2"}],"replies":[{"embeddable":true,"href":"https:\/\/www.compositeur-arrangeur.com\/blog\/wp-json\/wp\/v2\/comments?post=331"}],"version-history":[{"count":0,"href":"https:\/\/www.compositeur-arrangeur.com\/blog\/wp-json\/wp\/v2\/posts\/331\/revisions"}],"wp:featuredmedia":[{"embeddable":true,"href":"https:\/\/www.compositeur-arrangeur.com\/blog\/wp-json\/wp\/v2\/media\/332"}],"wp:attachment":[{"href":"https:\/\/www.compositeur-arrangeur.com\/blog\/wp-json\/wp\/v2\/media?parent=331"}],"wp:term":[{"taxonomy":"category","embeddable":true,"href":"https:\/\/www.compositeur-arrangeur.com\/blog\/wp-json\/wp\/v2\/categories?post=331"},{"taxonomy":"post_tag","embeddable":true,"href":"https:\/\/www.compositeur-arrangeur.com\/blog\/wp-json\/wp\/v2\/tags?post=331"}],"curies":[{"name":"wp","href":"https:\/\/api.w.org\/{rel}","templated":true}]}}