{"id":341,"date":"2010-02-12T18:45:00","date_gmt":"2010-02-12T18:45:00","guid":{"rendered":"https:\/\/www.compositeur-arrangeur.com\/blog\/190-vladimir-cosma-en-concert-le-9-mars-2010\/"},"modified":"2010-02-12T18:45:00","modified_gmt":"2010-02-12T18:45:00","slug":"190-vladimir-cosma-en-concert-le-9-mars-2010","status":"publish","type":"post","link":"https:\/\/www.compositeur-arrangeur.com\/blog\/190-vladimir-cosma-en-concert-le-9-mars-2010\/","title":{"rendered":"Vladimir Cosma en concert le 9 mars 2010"},"content":{"rendered":"<p>\nUne petite info rapport\u00e9e par mon \u00e9claireur favori (<a href=\"http:\/\/film.tunes.org\/fr\/\" target=\"_blank\" rel=\"nofollow noopener\" onclick=\"javascript: pageTracker._trackPageview (&#039;\/blogout\/film.tunes.org\/fr\/&#039;);\"><ins>Herr Elsner<\/ins><\/a>, dont on entend souvent parler ici, pour ses trouvailles) :<br \/>\n<strong><a href=\"http:\/\/www.myspace.com\/vladimircosmamusic\" target=\"_blank\" rel=\"nofollow noopener\" onclick=\"javascript: pageTracker._trackPageview (&#039;\/blogout\/myspace.com\/vladimircosmamusic&#039;);\">Vladimir Cosma<\/a> dirigera l&rsquo;Orchestre National d\u2019Ile de France<\/strong> \u00e0 l&rsquo;occasion d&rsquo;un concert de musiques issues de sa filmographie.<\/p>\n<p><a href=\"http:\/\/www.greatsong.net\/PAROLES-VLADIMIR-COSMA,RABBI-JACOB-RENCONTRE-RABBI%A0SELIGMANE,107541761.html\" target=\"_blank\" rel=\"nofollow noopener\" onclick=\"javascript: pageTracker._trackPageview (&#039;\/blogout\/greatsong.net\/PAROLES-VLADIMIR-COSMA,RABBI-JACOB-RENCONTRE-RABBI%A0SELIGMANE,107541761.html&#039;);\">Les aventures de Rabbi Jacob<\/a>, <a href=\"http:\/\/www.musicme.com\/Vladimir-Cosma\/titres\/Les-Fugitifs-t642234.html\" target=\"_blank\" rel=\"nofollow noopener\" onclick=\"javascript: pageTracker._trackPageview (&#039;\/blogout\/musicme.com\/Vladimir-Cosma\/titres\/Les-Fugitifs-t642234.html&#039;);\">le fugitif<\/a>, <a href=\"http:\/\/www.amazon.fr\/Boum-1-2-Vladimir-Cosma\/dp\/B00005EB6K\" target=\"_blank\" rel=\"nofollow noopener\" onclick=\"javascript: pageTracker._trackPageview (&#039;\/blogout\/amazon.fr\/Boum-1-2-Vladimir-Cosma\/dp\/B00005EB6K&#039;);\">la boum<\/a>, <a href=\"http:\/\/new.music.yahoo.com\/vladimir-cosma\/albums\/chevre-les-fugitifs-les-comperes--20892452\" target=\"_blank\" rel=\"nofollow noopener\" onclick=\"javascript: pageTracker._trackPageview (&#039;\/blogout\/new.music.yahoo.com\/vladimir-cosma\/albums\/chevre-les-fugitifs-les-comperes--20892452&#039;);\">la ch\u00e8vre<\/a>, <a href=\"http:\/\/www.discogs.com\/Vladimir-Cosma-Diva-Original-Soundtrack\/release\/722234\" target=\"_blank\" rel=\"nofollow noopener\" onclick=\"javascript: pageTracker._trackPageview (&#039;\/blogout\/discogs.com\/Vladimir-Cosma-Diva-Original-Soundtrack\/release\/722234&#039;);\">Diva<\/a>, <a href=\"http:\/\/www.lastfm.fr\/music\/Vladimir+Cosma\/_\/Le+grand+blond+avec+une+chaussure+noire\" target=\"_blank\" rel=\"nofollow noopener\" onclick=\"javascript: pageTracker._trackPageview (&#039;\/blogout\/lastfm.fr\/music\/Vladimir+Cosma\/_\/Le+grand+blond+avec+une+chaussure+noire&#039;);\">le Grand Blond avec une chaussure noire<\/a> etc&#8230;<\/p>\n<p>Et pour vous mes dames : <a href=\"http:\/\/www.richard-sanderson.com\/fr\/\" target=\"_blank\" rel=\"nofollow noopener\" onclick=\"javascript: pageTracker._trackPageview (&#039;\/blogout\/richard-sanderson.com\/fr\/&#039;);\">Richard Sanderson<\/a> sera normalement pr\u00e9sent pour chanter \u00ab\u00a0Reality\u00a0\u00bb (La Boum) !!!<\/p>\n<p><strong>Pr\u00e9cisions :<\/strong><\/p>\n<ul>\n<li>Date : Mardi 9 mars 2010<\/li>\n<li>Horaire : 20h30<\/li>\n<li>Lieu : Th\u00e9\u00e2tre du Chatelet<\/li>\n<li>Prix : de 25 \u20ac \u00e0 95 \u20ac<\/li>\n<li>R\u00e9servations : <a href=\"http:\/\/www.chatelet-theatre.com\/2009-2010\/infos-pratiques.php\" target=\"_blank\" rel=\"nofollow noopener\" onclick=\"javascript: pageTracker._trackPageview (&#039;\/blogout\/chatelet-theatre.com\/2009-2010\/infos-pratiques.php&#039;);\">site web Ch\u00e2telet Th\u00e9\u00e2tre<\/a><\/li>\n<\/ul>\n<div align=\"center\">Allez, c&rsquo;est kado :<\/p>\n<p>https:\/\/youtube.com\/watch?v=N6cdxOLxOZA%26hl%3Dfr_FR%26fs%3D1%26<\/p>\n<p>https:\/\/youtube.com\/watch?v=TKwo-ZiViQo%26hl%3Dfr_FR%26fs%3D1%26\n<\/p><\/div>\n","protected":false},"excerpt":{"rendered":"<p>Une petite info rapport\u00e9e par mon \u00e9claireur favori (Herr Elsner, dont on entend souvent parler ici, pour ses trouvailles) : Vladimir Cosma dirigera l&rsquo;Orchestre National d\u2019Ile de France \u00e0 l&rsquo;occasion d&rsquo;un concert de musiques issues de sa filmographie. Les aventures de Rabbi Jacob, le fugitif, la boum, la ch\u00e8vre, Diva, le Grand Blond avec une [&hellip;]<\/p>\n","protected":false},"author":2,"featured_media":0,"comment_status":"closed","ping_status":"closed","sticky":false,"template":"","format":"standard","meta":{"site-sidebar-layout":"default","site-content-layout":"","ast-site-content-layout":"","site-content-style":"default","site-sidebar-style":"default","ast-global-header-display":"","ast-banner-title-visibility":"","ast-main-header-display":"","ast-hfb-above-header-display":"","ast-hfb-below-header-display":"","ast-hfb-mobile-header-display":"","site-post-title":"","ast-breadcrumbs-content":"","ast-featured-img":"","footer-sml-layout":"","theme-transparent-header-meta":"","adv-header-id-meta":"","stick-header-meta":"","header-above-stick-meta":"","header-main-stick-meta":"","header-below-stick-meta":"","astra-migrate-meta-layouts":"default","ast-page-background-enabled":"default","ast-page-background-meta":{"desktop":{"background-color":"var(--ast-global-color-4)","background-image":"","background-repeat":"repeat","background-position":"center center","background-size":"auto","background-attachment":"scroll","background-type":"","background-media":"","overlay-type":"","overlay-color":"","overlay-gradient":""},"tablet":{"background-color":"","background-image":"","background-repeat":"repeat","background-position":"center center","background-size":"auto","background-attachment":"scroll","background-type":"","background-media":"","overlay-type":"","overlay-color":"","overlay-gradient":""},"mobile":{"background-color":"","background-image":"","background-repeat":"repeat","background-position":"center center","background-size":"auto","background-attachment":"scroll","background-type":"","background-media":"","overlay-type":"","overlay-color":"","overlay-gradient":""}},"ast-content-background-meta":{"desktop":{"background-color":"var(--ast-global-color-5)","background-image":"","background-repeat":"repeat","background-position":"center center","background-size":"auto","background-attachment":"scroll","background-type":"","background-media":"","overlay-type":"","overlay-color":"","overlay-gradient":""},"tablet":{"background-color":"var(--ast-global-color-5)","background-image":"","background-repeat":"repeat","background-position":"center center","background-size":"auto","background-attachment":"scroll","background-type":"","background-media":"","overlay-type":"","overlay-color":"","overlay-gradient":""},"mobile":{"background-color":"var(--ast-global-color-5)","background-image":"","background-repeat":"repeat","background-position":"center center","background-size":"auto","background-attachment":"scroll","background-type":"","background-media":"","overlay-type":"","overlay-color":"","overlay-gradient":""}},"footnotes":""},"categories":[7],"tags":[],"class_list":["post-341","post","type-post","status-publish","format-standard","hentry","category-divertissement"],"_links":{"self":[{"href":"https:\/\/www.compositeur-arrangeur.com\/blog\/wp-json\/wp\/v2\/posts\/341","targetHints":{"allow":["GET"]}}],"collection":[{"href":"https:\/\/www.compositeur-arrangeur.com\/blog\/wp-json\/wp\/v2\/posts"}],"about":[{"href":"https:\/\/www.compositeur-arrangeur.com\/blog\/wp-json\/wp\/v2\/types\/post"}],"author":[{"embeddable":true,"href":"https:\/\/www.compositeur-arrangeur.com\/blog\/wp-json\/wp\/v2\/users\/2"}],"replies":[{"embeddable":true,"href":"https:\/\/www.compositeur-arrangeur.com\/blog\/wp-json\/wp\/v2\/comments?post=341"}],"version-history":[{"count":0,"href":"https:\/\/www.compositeur-arrangeur.com\/blog\/wp-json\/wp\/v2\/posts\/341\/revisions"}],"wp:attachment":[{"href":"https:\/\/www.compositeur-arrangeur.com\/blog\/wp-json\/wp\/v2\/media?parent=341"}],"wp:term":[{"taxonomy":"category","embeddable":true,"href":"https:\/\/www.compositeur-arrangeur.com\/blog\/wp-json\/wp\/v2\/categories?post=341"},{"taxonomy":"post_tag","embeddable":true,"href":"https:\/\/www.compositeur-arrangeur.com\/blog\/wp-json\/wp\/v2\/tags?post=341"}],"curies":[{"name":"wp","href":"https:\/\/api.w.org\/{rel}","templated":true}]}}