{"id":346,"date":"2010-02-15T18:13:42","date_gmt":"2010-02-15T18:13:42","guid":{"rendered":"https:\/\/www.compositeur-arrangeur.com\/blog\/192-comment-trouver-une-tonalite\/"},"modified":"2010-02-15T18:13:42","modified_gmt":"2010-02-15T18:13:42","slug":"192-comment-trouver-une-tonalite","status":"publish","type":"post","link":"https:\/\/www.compositeur-arrangeur.com\/blog\/192-comment-trouver-une-tonalite\/","title":{"rendered":"Comment trouver une tonalit\u00e9 ?"},"content":{"rendered":"<p>\nBien qu&rsquo;il soit un bon parolier, cet artiste conna\u00eet-il sur le bout des doigts chaque terme grammatical de la langue fran\u00e7aise ?<\/p>\n<p>Dans la phrase ci-dessus, la proposition <strong>\u00ab\u00a0Bien qu&rsquo;il soit un bon parolier\u00a0\u00bb<\/strong> est une subordonn\u00e9e circonstancielle concessive (ha ha, \u00e7a vous \u00e9pate..).<\/p>\n<p>Ok, c&rsquo;est super, mais quelle sera la r\u00e9action du parolier si je viens lui dire :<br \/>\n &#8211; j&rsquo;adore ce que vous faites, surtout quand vous utilisez des propositions subordonn\u00e9es circonstancielles concessives dans vos chansons ! c&rsquo;est vachement bien vu !<\/p>\n<p>Ne va-t-il pas rire doucement, et r\u00e9torquer qu&rsquo;il n&rsquo;a pas franchement id\u00e9e de ce que c&rsquo;est, mais qu&rsquo;en revanche les mots et les phrases se posent naturellement sur le papier, au gr\u00e9 de l&rsquo;inspiration ?<br \/>\nFaut voir.<\/p>\n<p>Au risque de passer pour un m\u00e9chant rebelle (\u00e0 la Mister Bark), je ne me pose pas vraiment de questions quand je fais de la musique. Je place mes notes : si j&rsquo;aime je garde, si je n&rsquo;aime pas, je jette. <br \/>\nDu vocabulaire, il en faut c&rsquo;est ind\u00e9niable, ne serait-ce que pour enseigner la musique (un accord, une port\u00e9e, une lev\u00e9e), mais dans les manuels on trouve tellement de mots savants pour expliquer des choses simples que je me demande si ce n&rsquo;est pas exag\u00e9r\u00e9.<\/p>\n<p><strong>Ci-dessous, un petit exercice<\/strong> pour ceux qui le souhaitent (il m&rsquo;est venu en \u00e9crivant le post sur Vladimir Cosma). <\/p>\n<p>Le premier accord est un do majeur. Qui peut me dire dans quelle tonalit\u00e9 est la musique ? Pour moi la r\u00e9ponse est \u00e9vidente, mais je ne saurai pas vraiment dire pourquoi. Je le sais comme on sait que le rouge est rouge, et que le froid est froid :<\/p>\n<div align=\"center\">\nhttps:\/\/youtube.com\/watch?v=TKwo-ZiViQo%26hl%3Dfr_FR%26fs%3D1%26\n<\/div>\n<p>N&rsquo;h\u00e9sitez pas \u00e0 donner vos explications dans les commentaires. Comment \u00eates vous parvenu \u00e0 conna\u00eetre la tonalit\u00e9 de cet extrait ?<\/p>\n","protected":false},"excerpt":{"rendered":"<p>Bien qu&rsquo;il soit un bon parolier, cet artiste conna\u00eet-il sur le bout des doigts chaque terme grammatical de la langue fran\u00e7aise ? Dans la phrase ci-dessus, la proposition \u00ab\u00a0Bien qu&rsquo;il soit un bon parolier\u00a0\u00bb est une subordonn\u00e9e circonstancielle concessive (ha ha, \u00e7a vous \u00e9pate..). Ok, c&rsquo;est super, mais quelle sera la r\u00e9action du parolier si [&hellip;]<\/p>\n","protected":false},"author":2,"featured_media":0,"comment_status":"closed","ping_status":"closed","sticky":false,"template":"","format":"standard","meta":{"site-sidebar-layout":"default","site-content-layout":"","ast-site-content-layout":"","site-content-style":"default","site-sidebar-style":"default","ast-global-header-display":"","ast-banner-title-visibility":"","ast-main-header-display":"","ast-hfb-above-header-display":"","ast-hfb-below-header-display":"","ast-hfb-mobile-header-display":"","site-post-title":"","ast-breadcrumbs-content":"","ast-featured-img":"","footer-sml-layout":"","theme-transparent-header-meta":"","adv-header-id-meta":"","stick-header-meta":"","header-above-stick-meta":"","header-main-stick-meta":"","header-below-stick-meta":"","astra-migrate-meta-layouts":"default","ast-page-background-enabled":"default","ast-page-background-meta":{"desktop":{"background-color":"var(--ast-global-color-4)","background-image":"","background-repeat":"repeat","background-position":"center center","background-size":"auto","background-attachment":"scroll","background-type":"","background-media":"","overlay-type":"","overlay-color":"","overlay-gradient":""},"tablet":{"background-color":"","background-image":"","background-repeat":"repeat","background-position":"center center","background-size":"auto","background-attachment":"scroll","background-type":"","background-media":"","overlay-type":"","overlay-color":"","overlay-gradient":""},"mobile":{"background-color":"","background-image":"","background-repeat":"repeat","background-position":"center center","background-size":"auto","background-attachment":"scroll","background-type":"","background-media":"","overlay-type":"","overlay-color":"","overlay-gradient":""}},"ast-content-background-meta":{"desktop":{"background-color":"var(--ast-global-color-5)","background-image":"","background-repeat":"repeat","background-position":"center center","background-size":"auto","background-attachment":"scroll","background-type":"","background-media":"","overlay-type":"","overlay-color":"","overlay-gradient":""},"tablet":{"background-color":"var(--ast-global-color-5)","background-image":"","background-repeat":"repeat","background-position":"center center","background-size":"auto","background-attachment":"scroll","background-type":"","background-media":"","overlay-type":"","overlay-color":"","overlay-gradient":""},"mobile":{"background-color":"var(--ast-global-color-5)","background-image":"","background-repeat":"repeat","background-position":"center center","background-size":"auto","background-attachment":"scroll","background-type":"","background-media":"","overlay-type":"","overlay-color":"","overlay-gradient":""}},"footnotes":""},"categories":[9],"tags":[],"class_list":["post-346","post","type-post","status-publish","format-standard","hentry","category-orchestration-notation"],"_links":{"self":[{"href":"https:\/\/www.compositeur-arrangeur.com\/blog\/wp-json\/wp\/v2\/posts\/346","targetHints":{"allow":["GET"]}}],"collection":[{"href":"https:\/\/www.compositeur-arrangeur.com\/blog\/wp-json\/wp\/v2\/posts"}],"about":[{"href":"https:\/\/www.compositeur-arrangeur.com\/blog\/wp-json\/wp\/v2\/types\/post"}],"author":[{"embeddable":true,"href":"https:\/\/www.compositeur-arrangeur.com\/blog\/wp-json\/wp\/v2\/users\/2"}],"replies":[{"embeddable":true,"href":"https:\/\/www.compositeur-arrangeur.com\/blog\/wp-json\/wp\/v2\/comments?post=346"}],"version-history":[{"count":0,"href":"https:\/\/www.compositeur-arrangeur.com\/blog\/wp-json\/wp\/v2\/posts\/346\/revisions"}],"wp:attachment":[{"href":"https:\/\/www.compositeur-arrangeur.com\/blog\/wp-json\/wp\/v2\/media?parent=346"}],"wp:term":[{"taxonomy":"category","embeddable":true,"href":"https:\/\/www.compositeur-arrangeur.com\/blog\/wp-json\/wp\/v2\/categories?post=346"},{"taxonomy":"post_tag","embeddable":true,"href":"https:\/\/www.compositeur-arrangeur.com\/blog\/wp-json\/wp\/v2\/tags?post=346"}],"curies":[{"name":"wp","href":"https:\/\/api.w.org\/{rel}","templated":true}]}}