{"id":361,"date":"2010-03-14T16:12:18","date_gmt":"2010-03-14T16:12:18","guid":{"rendered":"https:\/\/www.compositeur-arrangeur.com\/blog\/199-compositeurs-francais-de-musique-de-film-interviews-enregistrees-par-des-lyceens\/"},"modified":"2010-03-14T16:12:18","modified_gmt":"2010-03-14T16:12:18","slug":"199-compositeurs-francais-de-musique-de-film-interviews-enregistrees-par-des-lyceens","status":"publish","type":"post","link":"https:\/\/www.compositeur-arrangeur.com\/blog\/199-compositeurs-francais-de-musique-de-film-interviews-enregistrees-par-des-lyceens\/","title":{"rendered":"Compositeurs fran\u00e7ais de musique de film : interviews enregistr\u00e9es par des Lyc\u00e9ens"},"content":{"rendered":"<p><a href=\"http:\/\/www.radioclassique.fr\/\" target=\"_blank\" rel=\"nofollow noopener\" onclick=\"javascript: pageTracker._trackPageview (&#039;\/blogout\/radioclassique.fr\/&#039;);\"><br \/>\nRadio Classique<\/a> et l&rsquo;Education Nationale (avec le concours de<a href=\"http:\/\/www.ucmf.fr\/\" target=\"_blank\" rel=\"nofollow noopener\" onclick=\"javascript: pageTracker._trackPageview (&#039;\/blogout\/ucmf.fr\/&#039;);\"> l&rsquo;UCFM<\/a> et la <a href=\"http:\/\/www.sacem.fr\/cms\" target=\"_blank\" rel=\"nofollow noopener\" onclick=\"javascript: pageTracker._trackPageview (&#039;\/blogout\/sacem.fr\/cms&#039;);\">SACEM<\/a>) ont mis en place en 2007, des \u00e9missions radio d\u00e9di\u00e9es \u00e0 la composition de musique de film.<\/p>\n<p>Les \u00e9missions sont r\u00e9alis\u00e9es par des Lyc\u00e9ens, et j&rsquo;ai trouv\u00e9 les interviews d&rsquo;une grande qualit\u00e9 (questions pertinentes, contenu passionnant et extraits sonores \u00e0 la pelle&#8230;). <\/p>\n<p>On peut \u00e9couter les interviews (d&rsquo;au moins 60 mn chacune !) des compositeurs de musique de film ci-dessous :<\/p>\n<ul>\n<li>Vladimir Cosma<\/li>\n<li>Bruno Coulais<\/li>\n<li>Eric Demarsan<\/li>\n<li>Francis La\u00ef<\/li>\n<li>Michel Legrand<\/li>\n<li>Philippe Rombi<\/li>\n<li>Gabriel Yared<\/li>\n<\/ul>\n<p>En ce moment, j&rsquo;\u00e9coute celle de Michel Legrand&#8230;. pfffou&#8230;. \u00e7a calme ! (on est peu de chose).<\/p>\n<p><a href=\"http:\/\/musique.ac-montpellier.fr\/rc\/spip.php?article72\" target=\"_blank\" rel=\"nofollow noopener\" onclick=\"javascript: pageTracker._trackPageview (&#039;\/blogout\/musique.ac-montpellier.fr\/rc\/spip.php?article72&#039;);\"><strong><ins>Cliquer ici pour acc\u00e9der aux interviews des compositeurs<\/ins><\/strong><\/a><\/p>\n","protected":false},"excerpt":{"rendered":"<p>Radio Classique et l&rsquo;Education Nationale (avec le concours de l&rsquo;UCFM et la SACEM) ont mis en place en 2007, des \u00e9missions radio d\u00e9di\u00e9es \u00e0 la composition de musique de film. Les \u00e9missions sont r\u00e9alis\u00e9es par des Lyc\u00e9ens, et j&rsquo;ai trouv\u00e9 les interviews d&rsquo;une grande qualit\u00e9 (questions pertinentes, contenu passionnant et extraits sonores \u00e0 la pelle&#8230;). [&hellip;]<\/p>\n","protected":false},"author":2,"featured_media":0,"comment_status":"closed","ping_status":"closed","sticky":false,"template":"","format":"standard","meta":{"site-sidebar-layout":"default","site-content-layout":"","ast-site-content-layout":"","site-content-style":"default","site-sidebar-style":"default","ast-global-header-display":"","ast-banner-title-visibility":"","ast-main-header-display":"","ast-hfb-above-header-display":"","ast-hfb-below-header-display":"","ast-hfb-mobile-header-display":"","site-post-title":"","ast-breadcrumbs-content":"","ast-featured-img":"","footer-sml-layout":"","theme-transparent-header-meta":"","adv-header-id-meta":"","stick-header-meta":"","header-above-stick-meta":"","header-main-stick-meta":"","header-below-stick-meta":"","astra-migrate-meta-layouts":"default","ast-page-background-enabled":"default","ast-page-background-meta":{"desktop":{"background-color":"var(--ast-global-color-4)","background-image":"","background-repeat":"repeat","background-position":"center center","background-size":"auto","background-attachment":"scroll","background-type":"","background-media":"","overlay-type":"","overlay-color":"","overlay-gradient":""},"tablet":{"background-color":"","background-image":"","background-repeat":"repeat","background-position":"center center","background-size":"auto","background-attachment":"scroll","background-type":"","background-media":"","overlay-type":"","overlay-color":"","overlay-gradient":""},"mobile":{"background-color":"","background-image":"","background-repeat":"repeat","background-position":"center center","background-size":"auto","background-attachment":"scroll","background-type":"","background-media":"","overlay-type":"","overlay-color":"","overlay-gradient":""}},"ast-content-background-meta":{"desktop":{"background-color":"var(--ast-global-color-5)","background-image":"","background-repeat":"repeat","background-position":"center center","background-size":"auto","background-attachment":"scroll","background-type":"","background-media":"","overlay-type":"","overlay-color":"","overlay-gradient":""},"tablet":{"background-color":"var(--ast-global-color-5)","background-image":"","background-repeat":"repeat","background-position":"center center","background-size":"auto","background-attachment":"scroll","background-type":"","background-media":"","overlay-type":"","overlay-color":"","overlay-gradient":""},"mobile":{"background-color":"var(--ast-global-color-5)","background-image":"","background-repeat":"repeat","background-position":"center center","background-size":"auto","background-attachment":"scroll","background-type":"","background-media":"","overlay-type":"","overlay-color":"","overlay-gradient":""}},"footnotes":""},"categories":[2],"tags":[],"class_list":["post-361","post","type-post","status-publish","format-standard","hentry","category-devenir-compositeur-pour-limage"],"_links":{"self":[{"href":"https:\/\/www.compositeur-arrangeur.com\/blog\/wp-json\/wp\/v2\/posts\/361","targetHints":{"allow":["GET"]}}],"collection":[{"href":"https:\/\/www.compositeur-arrangeur.com\/blog\/wp-json\/wp\/v2\/posts"}],"about":[{"href":"https:\/\/www.compositeur-arrangeur.com\/blog\/wp-json\/wp\/v2\/types\/post"}],"author":[{"embeddable":true,"href":"https:\/\/www.compositeur-arrangeur.com\/blog\/wp-json\/wp\/v2\/users\/2"}],"replies":[{"embeddable":true,"href":"https:\/\/www.compositeur-arrangeur.com\/blog\/wp-json\/wp\/v2\/comments?post=361"}],"version-history":[{"count":0,"href":"https:\/\/www.compositeur-arrangeur.com\/blog\/wp-json\/wp\/v2\/posts\/361\/revisions"}],"wp:attachment":[{"href":"https:\/\/www.compositeur-arrangeur.com\/blog\/wp-json\/wp\/v2\/media?parent=361"}],"wp:term":[{"taxonomy":"category","embeddable":true,"href":"https:\/\/www.compositeur-arrangeur.com\/blog\/wp-json\/wp\/v2\/categories?post=361"},{"taxonomy":"post_tag","embeddable":true,"href":"https:\/\/www.compositeur-arrangeur.com\/blog\/wp-json\/wp\/v2\/tags?post=361"}],"curies":[{"name":"wp","href":"https:\/\/api.w.org\/{rel}","templated":true}]}}