{"id":374,"date":"2010-06-19T18:50:14","date_gmt":"2010-06-19T18:50:14","guid":{"rendered":"https:\/\/www.compositeur-arrangeur.com\/blog\/214-generique-de-la-serie-esprits-criminels\/"},"modified":"2010-06-19T18:50:14","modified_gmt":"2010-06-19T18:50:14","slug":"214-generique-de-la-serie-esprits-criminels","status":"publish","type":"post","link":"https:\/\/www.compositeur-arrangeur.com\/blog\/214-generique-de-la-serie-esprits-criminels\/","title":{"rendered":"G\u00e9n\u00e9rique de la s\u00e9rie Esprits Criminels"},"content":{"rendered":"<p>\nJe voudrais m&rsquo;attarder quelques instants sur la construction de la musique du g\u00e9n\u00e9rique de <strong>Esprits criminels<\/strong> (\u00e0 priori compos\u00e9e par <a href=\"http:\/\/www.imdb.fr\/name\/nm0266925\/\" target=\"_blank\" rel=\"nofollow noopener\" onclick=\"javascript: pageTracker._trackPageview (&#039;\/blogout\/imdb.fr\/name\/nm0266925\/&#039;);\"><ins>Steffan Fantini<\/ins><\/a>), s\u00e9rie polici\u00e8re am\u00e9ricaine bas\u00e9e sur le profilage (qui passe actuellement le mercredi soir sur TF1).<\/p>\n<div align=\"center\">\nhttps:\/\/youtube.com\/watch?v=ow9K_gQazuc%26hl%3Dfr_FR%26fs%3D1%26<br \/>\n<br \/>Criminal Minds <\/p>\n<\/div>\n<p>1)  Sous les boucles \u00e9lectro et les FX se profilent <strong>2 th\u00e8mes musicaux important<\/strong>s (ci-dessous, en tonalit\u00e9 Sib mineur) :<\/p>\n<div align=\"center\"><img decoding=\"async\" src=\"https:\/\/www.compositeur-arrangeur.com\/blog\/wp-content\/uploads\/2021\/06\/esprit_criminel.jpg\" alt=\"Esprits Criminels th\u00e8me principal\" \/><\/div>\n<p><strong>1) Th\u00e8me de 4 notes (port\u00e9e du bas) :<\/strong><\/p>\n<p><audio class=\"wp-audio-shortcode\" id=\"audio-374-1\" preload=\"none\" style=\"width: 100%;\" controls=\"controls\"><source type=\"audio\/mpeg\" src=\"https:\/\/www.latroika.com\/mp3\/tanguy-follio\/blog\/theme_esprit_criminel.mp3?_=1\" \/><a href=\"https:\/\/www.latroika.com\/mp3\/tanguy-follio\/blog\/theme_esprit_criminel.mp3\" rel=\"nofollow noopener\" target=\"_blank\">https:\/\/www.latroika.com\/mp3\/tanguy-follio\/blog\/theme_esprit_criminel.mp3<\/a><\/audio><br \/>\n<\/p>\n<p>C&rsquo;est le th\u00e8me principal du g\u00e9n\u00e9rique. Il est jou\u00e9 4 fois de suite en suivant une <strong>progression orchestrale<\/strong>. Un son de clavier (du piano et du synth\u00e9) pour les deux premiers passages, puis des instruments \u00e0 attaque douce et notes longues (pad de cordes et peut-\u00eatre de cors) pour le 3\u00e8 et le 4\u00e8 passage (ce dernier \u00e9tant doubl\u00e9 \u00e0 l&rsquo;octave). La th\u00e9matique est lente, r\u00e9guli\u00e8re et r\u00e9currente. Pas tr\u00e8s angoissante, mais assez noire (il s&rsquo;agit tout de m\u00eame de sc\u00e8nes de meurtres). Les notes me font un peu penser \u00e0 celles de Batman.<\/p>\n<p><\/p>\n<p><strong>2) Notes aig\u00fces en triolet (port\u00e9e du haut) :<\/strong><\/p>\n<p>https:\/\/www.latroika.com\/mp3\/tanguy-follio\/blog\/Piano aigu.mp3<br \/>\n<\/p>\n<p>Le voici, l&rsquo;effet anxiog\u00e8ne, gr\u00e2ce au leitmotiv redondant, rapide, aigu, presque strident. Typique des films angoissants (L&rsquo;exorciste, Halloween, Child&rsquo;s play&#8230;). L\u00e0 aussi, le compositeur suit une progression instrumentale. \u00e7a commence par du piano, puis c&rsquo;est doubl\u00e9 par des cordes vers le milieu, l\u00e0 o\u00f9 l&rsquo;orchestration du morceau se d\u00e9veloppe. Ce leitmotiv est sans doute comparable \u00e0 une <a href=\"https:\/\/www.compositeur-arrangeur.com\/blog\/98-exemple-de-plans-sonores-dans-une-orchestration-extait-d-une-bande-originale-de-jerry-goldsmith\" target=\"_blank\" rel=\"nofollow noopener\" onclick=\"javascript: pageTracker._trackPageview (&#039;\/blogout\/compositeur-arrangeur.com\/blog\/index.php\/98-exemple-de-plans-sonores-dans-une-orchestration-extait-d-une-bande-originale-de-jerry-goldsmith&#039;);\"><ins>orchestration de second plan<\/ins><\/a>. J&rsquo;aime beaucoup l&rsquo;effet. <\/p>\n<p>\n<strong>3) Puis, la ligne de basse<\/strong> (et l&rsquo;harmonie qui en d\u00e9coule). Elle me para\u00eet int\u00e9ressante sans \u00eatre pour autant r\u00e9volutionnaire. Cela dit, le passage sur le R\u00e9b (avant de revenir en Sib mineur) m&rsquo;a agr\u00e9ablement surpris \u00e0 la premi\u00e8re \u00e9coute.<\/p>\n<p><strong>4) Ensuite, l&rsquo;habillage \u00e9lectro<\/strong> : une grosse partie finalement pour le compositeur du 21\u00e8 si\u00e8cle&#8230; \u00e7a va renforcer le rythme, la couleur, la consistance&#8230; le compositeur a su utiliser les ingr\u00e9dients actuels :  une superposition de couches \u00e9lectro travaill\u00e9es, et de nombreux FX qui viennent ponctuer les changements de plans. C&rsquo;est tr\u00e8s efficace m\u00eame si c&rsquo;est dans l&rsquo;air du temps. Quand je dois faire une musique de ce genre, c&rsquo;est la phase qui me prend le plus de temps. Bien s\u00fbr, ce n&rsquo;est pas le cas de tous les compositeurs. <\/p>\n<p> <strong>5) Enfin, l&rsquo;accord final<\/strong>, un peu pr\u00e9cipit\u00e9 \u00e0 cause du minuscule timing laiss\u00e9 \u00e0 Steffan Fantini. On sent qu&rsquo;il est temps de conclure rapidement sur la photo de famille, avec un accord stable et puissant (mais sans exc\u00e8s h\u00e9ro\u00efque). Cela donne un g\u00e9n\u00e9rique assez court et facile \u00e0 se rem\u00e9morer, comme la plupart des s\u00e9ries polici\u00e8res et m\u00e9dicales. D&rsquo;ailleurs, \u00e7a me donne une id\u00e9e. Prochainement je ferai un blind test musical sur les s\u00e9ries TV, pour d\u00e9masquer ceux qui passent plus de temps devant \u00ab\u00a0Les Experts\u00a0\u00bb que devant leur s\u00e9quenceur (ou leur papier \u00e0 musique)&#8230; \ud83d\ude42<\/p>\n","protected":false},"excerpt":{"rendered":"<p>Je voudrais m&rsquo;attarder quelques instants sur la construction de la musique du g\u00e9n\u00e9rique de Esprits criminels (\u00e0 priori compos\u00e9e par Steffan Fantini), s\u00e9rie polici\u00e8re am\u00e9ricaine bas\u00e9e sur le profilage (qui passe actuellement le mercredi soir sur TF1). https:\/\/youtube.com\/watch?v=ow9K_gQazuc%26hl%3Dfr_FR%26fs%3D1%26 Criminal Minds 1) Sous les boucles \u00e9lectro et les FX se profilent 2 th\u00e8mes musicaux importants (ci-dessous, [&hellip;]<\/p>\n","protected":false},"author":2,"featured_media":375,"comment_status":"closed","ping_status":"closed","sticky":false,"template":"","format":"standard","meta":{"site-sidebar-layout":"default","site-content-layout":"","ast-site-content-layout":"","site-content-style":"default","site-sidebar-style":"default","ast-global-header-display":"","ast-banner-title-visibility":"","ast-main-header-display":"","ast-hfb-above-header-display":"","ast-hfb-below-header-display":"","ast-hfb-mobile-header-display":"","site-post-title":"","ast-breadcrumbs-content":"","ast-featured-img":"","footer-sml-layout":"","theme-transparent-header-meta":"","adv-header-id-meta":"","stick-header-meta":"","header-above-stick-meta":"","header-main-stick-meta":"","header-below-stick-meta":"","astra-migrate-meta-layouts":"default","ast-page-background-enabled":"default","ast-page-background-meta":{"desktop":{"background-color":"var(--ast-global-color-4)","background-image":"","background-repeat":"repeat","background-position":"center center","background-size":"auto","background-attachment":"scroll","background-type":"","background-media":"","overlay-type":"","overlay-color":"","overlay-gradient":""},"tablet":{"background-color":"","background-image":"","background-repeat":"repeat","background-position":"center center","background-size":"auto","background-attachment":"scroll","background-type":"","background-media":"","overlay-type":"","overlay-color":"","overlay-gradient":""},"mobile":{"background-color":"","background-image":"","background-repeat":"repeat","background-position":"center center","background-size":"auto","background-attachment":"scroll","background-type":"","background-media":"","overlay-type":"","overlay-color":"","overlay-gradient":""}},"ast-content-background-meta":{"desktop":{"background-color":"var(--ast-global-color-5)","background-image":"","background-repeat":"repeat","background-position":"center center","background-size":"auto","background-attachment":"scroll","background-type":"","background-media":"","overlay-type":"","overlay-color":"","overlay-gradient":""},"tablet":{"background-color":"var(--ast-global-color-5)","background-image":"","background-repeat":"repeat","background-position":"center center","background-size":"auto","background-attachment":"scroll","background-type":"","background-media":"","overlay-type":"","overlay-color":"","overlay-gradient":""},"mobile":{"background-color":"var(--ast-global-color-5)","background-image":"","background-repeat":"repeat","background-position":"center center","background-size":"auto","background-attachment":"scroll","background-type":"","background-media":"","overlay-type":"","overlay-color":"","overlay-gradient":""}},"footnotes":""},"categories":[9],"tags":[],"class_list":["post-374","post","type-post","status-publish","format-standard","has-post-thumbnail","hentry","category-orchestration-notation"],"_links":{"self":[{"href":"https:\/\/www.compositeur-arrangeur.com\/blog\/wp-json\/wp\/v2\/posts\/374","targetHints":{"allow":["GET"]}}],"collection":[{"href":"https:\/\/www.compositeur-arrangeur.com\/blog\/wp-json\/wp\/v2\/posts"}],"about":[{"href":"https:\/\/www.compositeur-arrangeur.com\/blog\/wp-json\/wp\/v2\/types\/post"}],"author":[{"embeddable":true,"href":"https:\/\/www.compositeur-arrangeur.com\/blog\/wp-json\/wp\/v2\/users\/2"}],"replies":[{"embeddable":true,"href":"https:\/\/www.compositeur-arrangeur.com\/blog\/wp-json\/wp\/v2\/comments?post=374"}],"version-history":[{"count":0,"href":"https:\/\/www.compositeur-arrangeur.com\/blog\/wp-json\/wp\/v2\/posts\/374\/revisions"}],"wp:featuredmedia":[{"embeddable":true,"href":"https:\/\/www.compositeur-arrangeur.com\/blog\/wp-json\/wp\/v2\/media\/375"}],"wp:attachment":[{"href":"https:\/\/www.compositeur-arrangeur.com\/blog\/wp-json\/wp\/v2\/media?parent=374"}],"wp:term":[{"taxonomy":"category","embeddable":true,"href":"https:\/\/www.compositeur-arrangeur.com\/blog\/wp-json\/wp\/v2\/categories?post=374"},{"taxonomy":"post_tag","embeddable":true,"href":"https:\/\/www.compositeur-arrangeur.com\/blog\/wp-json\/wp\/v2\/tags?post=374"}],"curies":[{"name":"wp","href":"https:\/\/api.w.org\/{rel}","templated":true}]}}