{"id":421,"date":"2010-10-16T19:34:07","date_gmt":"2010-10-16T19:34:07","guid":{"rendered":"https:\/\/www.compositeur-arrangeur.com\/blog\/219-cours-et-stages-de-flamenco\/"},"modified":"2010-10-16T19:34:07","modified_gmt":"2010-10-16T19:34:07","slug":"219-cours-et-stages-de-flamenco","status":"publish","type":"post","link":"https:\/\/www.compositeur-arrangeur.com\/blog\/219-cours-et-stages-de-flamenco\/","title":{"rendered":"Cours et stages de Flamenco. De la musique ensoleill\u00e9e !"},"content":{"rendered":"<p>\nJe ne sais pas s&rsquo;il vous est d\u00e9j\u00e0 arriv\u00e9 de devoir composer de la musique andalouse (avec de la guitare en instrument principal). Je suppose que ce n&rsquo;est pas \u00e9vident. D&rsquo;une part, \u00e7a me semble difficile \u00e0 transcrire sur une partition (tant les rythmes de guitare sont techniques) et d&rsquo;autre part, pour ceux qui utilisent un s\u00e9quenceur, c&rsquo;est tr\u00e8s dur de rendre de mani\u00e8re authentique le jeu d&rsquo;un guitariste (note par note). Le mieux n&rsquo;est-il pas d&rsquo;avoir dans ses proches un joueur de <a href=\"http:\/\/fr.wikipedia.org\/wiki\/Flamenco#Formes_du_flamenco\" target=\"_blank\" rel=\"nofollow noopener\" onclick=\"javascript: pageTracker._trackPageview (&#039;\/blogout\/fr.wikipedia.org\/wiki\/Flamenco#Formes_du_flamenco&#039;);\">flamenco<\/a> qui saura vous \u00e9pauler dans le processus de composition ?<\/p>\n<p>A ce propos, je voudrais vous faire part de l&rsquo;existence de l&rsquo;association <strong><a href=\"http:\/\/atikaflamenco.free.fr\/\" target=\"_blank\" rel=\"nofollow noopener\" onclick=\"javascript: pageTracker._trackPageview (&#039;\/blogout\/atikaflamenco.free.fr\/&#039;);\"><ins>Atika Flamenco<\/ins><\/a><\/strong>, implant\u00e9e sur Paris (mais \u00e9galement pr\u00e9sente dans le Perche) et qui propose des cours et des stages de Flamenco (d\u00e9butants \u00e0 professionnels) :<\/p>\n<ul>\n<li>Danse <\/li>\n<li>Chant<\/li>\n<li>Guitare<\/li>\n<\/ul>\n<p><a href=\"http:\/\/atikaflamenco.free.fr\/\" target=\"_blank\" rel=\"nofollow noopener\" onclick=\"javascript: pageTracker._trackPageview (&#039;\/blogout\/atikaflamenco.free.fr\/&#039;);\"><\/p>\n<div align=\"center\"><img decoding=\"async\" src=\"https:\/\/www.compositeur-arrangeur.com\/blog\/wp-content\/uploads\/2021\/06\/Maria.gif\" alt=\"Cours de flamenco\" \/><br \/>\n<img decoding=\"async\" src=\"https:\/\/www.compositeur-arrangeur.com\/blog\/wp-content\/uploads\/2021\/06\/Pascal.gif\" alt=\"Cours de flamenco\" \/><\/div>\n<p><\/a><\/p>\n<div align=\"center\">\nhttps:\/\/youtube.com\/watch?v=01FLU5-UFjE%3Ffs%3D1%26hl%3Dfr_FR\n<\/div>\n<p>\n<em>\u00ab\u00a0L&rsquo;art color\u00e9 qu&rsquo;est le flamenco nous offre sensibilit\u00e9, richesse, profondeur et complexit\u00e9 !\u00a0\u00bb<\/em><\/p>\n<p><strong>Pour les b\u00e9ophiles :<\/strong> je me demandais s&rsquo;il existait de nombreuses Bandes Originales \u00e0 connotation hispanique.<br \/>\nJe citerais pour les plus r\u00e9centes les airs flamencas de <a href=\"http:\/\/www.music-story.com\/james-horner\/la-legende-de-zorro-b-o-f\" target=\"_blank\" rel=\"nofollow noopener\" onclick=\"javascript: pageTracker._trackPageview (&#039;\/blogout\/music-story.com\/james-horner\/la-legende-de-zorro-b-o-f&#039;);\">Zorro<\/a>, Mission Impossible II (<a href=\"http:\/\/www.youtube.com\/watch?v=jveDZ9eXkJE\" target=\"_blank\" rel=\"nofollow noopener\" onclick=\"javascript: pageTracker._trackPageview (&#039;\/blogout\/youtube.com\/watch?v=jveDZ9eXkJE&#039;);\">Nyah<\/a>), Final Fantasy 9 (<a href=\"http:\/\/www.ffdream.com\/downld-ostff9.html\" target=\"_blank\" rel=\"nofollow noopener\" onclick=\"javascript: pageTracker._trackPageview (&#039;\/blogout\/ffdream.com\/downld-ostff9.html&#039;);\">Vamo Alla Flamenco<\/a>), Toy Story 3&#8230;. Mais vous en connaissez s\u00fbrement bien d&rsquo;autres&#8230; (ainsi que dans le domaine classique).<\/p>\n","protected":false},"excerpt":{"rendered":"<p>Je ne sais pas s&rsquo;il vous est d\u00e9j\u00e0 arriv\u00e9 de devoir composer de la musique andalouse (avec de la guitare en instrument principal). Je suppose que ce n&rsquo;est pas \u00e9vident. D&rsquo;une part, \u00e7a me semble difficile \u00e0 transcrire sur une partition (tant les rythmes de guitare sont techniques) et d&rsquo;autre part, pour ceux qui utilisent [&hellip;]<\/p>\n","protected":false},"author":2,"featured_media":422,"comment_status":"closed","ping_status":"closed","sticky":false,"template":"","format":"standard","meta":{"site-sidebar-layout":"default","site-content-layout":"","ast-site-content-layout":"","site-content-style":"default","site-sidebar-style":"default","ast-global-header-display":"","ast-banner-title-visibility":"","ast-main-header-display":"","ast-hfb-above-header-display":"","ast-hfb-below-header-display":"","ast-hfb-mobile-header-display":"","site-post-title":"","ast-breadcrumbs-content":"","ast-featured-img":"","footer-sml-layout":"","theme-transparent-header-meta":"","adv-header-id-meta":"","stick-header-meta":"","header-above-stick-meta":"","header-main-stick-meta":"","header-below-stick-meta":"","astra-migrate-meta-layouts":"default","ast-page-background-enabled":"default","ast-page-background-meta":{"desktop":{"background-color":"var(--ast-global-color-4)","background-image":"","background-repeat":"repeat","background-position":"center center","background-size":"auto","background-attachment":"scroll","background-type":"","background-media":"","overlay-type":"","overlay-color":"","overlay-gradient":""},"tablet":{"background-color":"","background-image":"","background-repeat":"repeat","background-position":"center center","background-size":"auto","background-attachment":"scroll","background-type":"","background-media":"","overlay-type":"","overlay-color":"","overlay-gradient":""},"mobile":{"background-color":"","background-image":"","background-repeat":"repeat","background-position":"center center","background-size":"auto","background-attachment":"scroll","background-type":"","background-media":"","overlay-type":"","overlay-color":"","overlay-gradient":""}},"ast-content-background-meta":{"desktop":{"background-color":"var(--ast-global-color-5)","background-image":"","background-repeat":"repeat","background-position":"center center","background-size":"auto","background-attachment":"scroll","background-type":"","background-media":"","overlay-type":"","overlay-color":"","overlay-gradient":""},"tablet":{"background-color":"var(--ast-global-color-5)","background-image":"","background-repeat":"repeat","background-position":"center center","background-size":"auto","background-attachment":"scroll","background-type":"","background-media":"","overlay-type":"","overlay-color":"","overlay-gradient":""},"mobile":{"background-color":"var(--ast-global-color-5)","background-image":"","background-repeat":"repeat","background-position":"center center","background-size":"auto","background-attachment":"scroll","background-type":"","background-media":"","overlay-type":"","overlay-color":"","overlay-gradient":""}},"footnotes":""},"categories":[4],"tags":[],"class_list":["post-421","post","type-post","status-publish","format-standard","has-post-thumbnail","hentry","category-les-professions-liees-a-la-musique-de-film"],"_links":{"self":[{"href":"https:\/\/www.compositeur-arrangeur.com\/blog\/wp-json\/wp\/v2\/posts\/421","targetHints":{"allow":["GET"]}}],"collection":[{"href":"https:\/\/www.compositeur-arrangeur.com\/blog\/wp-json\/wp\/v2\/posts"}],"about":[{"href":"https:\/\/www.compositeur-arrangeur.com\/blog\/wp-json\/wp\/v2\/types\/post"}],"author":[{"embeddable":true,"href":"https:\/\/www.compositeur-arrangeur.com\/blog\/wp-json\/wp\/v2\/users\/2"}],"replies":[{"embeddable":true,"href":"https:\/\/www.compositeur-arrangeur.com\/blog\/wp-json\/wp\/v2\/comments?post=421"}],"version-history":[{"count":0,"href":"https:\/\/www.compositeur-arrangeur.com\/blog\/wp-json\/wp\/v2\/posts\/421\/revisions"}],"wp:featuredmedia":[{"embeddable":true,"href":"https:\/\/www.compositeur-arrangeur.com\/blog\/wp-json\/wp\/v2\/media\/422"}],"wp:attachment":[{"href":"https:\/\/www.compositeur-arrangeur.com\/blog\/wp-json\/wp\/v2\/media?parent=421"}],"wp:term":[{"taxonomy":"category","embeddable":true,"href":"https:\/\/www.compositeur-arrangeur.com\/blog\/wp-json\/wp\/v2\/categories?post=421"},{"taxonomy":"post_tag","embeddable":true,"href":"https:\/\/www.compositeur-arrangeur.com\/blog\/wp-json\/wp\/v2\/tags?post=421"}],"curies":[{"name":"wp","href":"https:\/\/api.w.org\/{rel}","templated":true}]}}