{"id":427,"date":"2011-01-31T18:42:59","date_gmt":"2011-01-31T18:42:59","guid":{"rendered":"https:\/\/www.compositeur-arrangeur.com\/blog\/224-besoin-de-musiciens-pour-faire-de-la-figuration-dans-un-film-bruxelles\/"},"modified":"2011-01-31T18:42:59","modified_gmt":"2011-01-31T18:42:59","slug":"224-besoin-de-musiciens-pour-faire-de-la-figuration-dans-un-film-bruxelles","status":"publish","type":"post","link":"https:\/\/www.compositeur-arrangeur.com\/blog\/224-besoin-de-musiciens-pour-faire-de-la-figuration-dans-un-film-bruxelles\/","title":{"rendered":"Besoin de musiciens pour faire de la figuration dans un film (Bruxelles)"},"content":{"rendered":"<p><\/p>\n<p>Aujourd&rsquo;hui, 31 janvier 2011 :<\/p>\n<p>La soci\u00e9t\u00e9 de production <strong>LGM<\/strong> recherche des figurants musiciens pour reconstituer des sc\u00e8nes de concerts :<\/p>\n<p>&#8211; Titre du film : <strong>Cloclo<\/strong> (film biographique sur Claude Fran\u00e7ois)<\/p>\n<p>&#8211; R\u00e9alisateur : Florent Emilio Siri<\/p>\n<p>&#8211; Dates et lieu de tournage : mi-mars \u00e0 fin avril (Bruxelles)<\/p>\n<p>&#8211; Vous \u00eates de pr\u00e9f\u00e9rence :<br \/>\nUn musicien entre 25 et 65 ans interpr\u00e9tant un r\u00e9pertoire vari\u00e9t\u00e9s, soul, jazz &#038; classique.<br \/>\nOu un musicien entre 25 et 70 ans, de jazz &#038; soul black am\u00e9ricain ou anglais.<\/p>\n<p>Il s&rsquo;agit d&rsquo;un <strong>travail r\u00e9mun\u00e9r\u00e9<\/strong>.<br \/>\nLa demande est urgente, les auditions auront lieu en milieu de cette semaine.<\/p>\n<p>Vous pouvez envoyer vos photos et votre cv \u00e0 l&rsquo;adresse : <strong>cloclocasting.be(at)gmail.com<\/strong><\/p>\n<p><em>J&rsquo;apprends \u00e0 l&rsquo;instant le d\u00e9c\u00e8s de <a href=\"http:\/\/fr.wikipedia.org\/wiki\/John_Barry_(compositeur)\" target=\"_blank\" rel=\"nofollow noopener\" onclick=\"javascript: pageTracker._trackPageview (&#039;\/blogout\/fr.wikipedia.org\/wiki\/John_Barry_(compositeur)&#039;);\"><ins><strong>John Barry<\/strong><\/ins><\/a>, une bien triste nouvelle :((<\/p>\n<p><\/em><\/p>\n","protected":false},"excerpt":{"rendered":"<p>Aujourd&rsquo;hui, 31 janvier 2011 : La soci\u00e9t\u00e9 de production LGM recherche des figurants musiciens pour reconstituer des sc\u00e8nes de concerts : &#8211; Titre du film : Cloclo (film biographique sur Claude Fran\u00e7ois) &#8211; R\u00e9alisateur : Florent Emilio Siri &#8211; Dates et lieu de tournage : mi-mars \u00e0 fin avril (Bruxelles) &#8211; Vous \u00eates de pr\u00e9f\u00e9rence [&hellip;]<\/p>\n","protected":false},"author":2,"featured_media":0,"comment_status":"closed","ping_status":"closed","sticky":false,"template":"","format":"standard","meta":{"site-sidebar-layout":"default","site-content-layout":"","ast-site-content-layout":"","site-content-style":"default","site-sidebar-style":"default","ast-global-header-display":"","ast-banner-title-visibility":"","ast-main-header-display":"","ast-hfb-above-header-display":"","ast-hfb-below-header-display":"","ast-hfb-mobile-header-display":"","site-post-title":"","ast-breadcrumbs-content":"","ast-featured-img":"","footer-sml-layout":"","theme-transparent-header-meta":"","adv-header-id-meta":"","stick-header-meta":"","header-above-stick-meta":"","header-main-stick-meta":"","header-below-stick-meta":"","astra-migrate-meta-layouts":"default","ast-page-background-enabled":"default","ast-page-background-meta":{"desktop":{"background-color":"var(--ast-global-color-4)","background-image":"","background-repeat":"repeat","background-position":"center center","background-size":"auto","background-attachment":"scroll","background-type":"","background-media":"","overlay-type":"","overlay-color":"","overlay-gradient":""},"tablet":{"background-color":"","background-image":"","background-repeat":"repeat","background-position":"center center","background-size":"auto","background-attachment":"scroll","background-type":"","background-media":"","overlay-type":"","overlay-color":"","overlay-gradient":""},"mobile":{"background-color":"","background-image":"","background-repeat":"repeat","background-position":"center center","background-size":"auto","background-attachment":"scroll","background-type":"","background-media":"","overlay-type":"","overlay-color":"","overlay-gradient":""}},"ast-content-background-meta":{"desktop":{"background-color":"var(--ast-global-color-5)","background-image":"","background-repeat":"repeat","background-position":"center center","background-size":"auto","background-attachment":"scroll","background-type":"","background-media":"","overlay-type":"","overlay-color":"","overlay-gradient":""},"tablet":{"background-color":"var(--ast-global-color-5)","background-image":"","background-repeat":"repeat","background-position":"center center","background-size":"auto","background-attachment":"scroll","background-type":"","background-media":"","overlay-type":"","overlay-color":"","overlay-gradient":""},"mobile":{"background-color":"var(--ast-global-color-5)","background-image":"","background-repeat":"repeat","background-position":"center center","background-size":"auto","background-attachment":"scroll","background-type":"","background-media":"","overlay-type":"","overlay-color":"","overlay-gradient":""}},"footnotes":""},"categories":[7],"tags":[],"class_list":["post-427","post","type-post","status-publish","format-standard","hentry","category-divertissement"],"_links":{"self":[{"href":"https:\/\/www.compositeur-arrangeur.com\/blog\/wp-json\/wp\/v2\/posts\/427","targetHints":{"allow":["GET"]}}],"collection":[{"href":"https:\/\/www.compositeur-arrangeur.com\/blog\/wp-json\/wp\/v2\/posts"}],"about":[{"href":"https:\/\/www.compositeur-arrangeur.com\/blog\/wp-json\/wp\/v2\/types\/post"}],"author":[{"embeddable":true,"href":"https:\/\/www.compositeur-arrangeur.com\/blog\/wp-json\/wp\/v2\/users\/2"}],"replies":[{"embeddable":true,"href":"https:\/\/www.compositeur-arrangeur.com\/blog\/wp-json\/wp\/v2\/comments?post=427"}],"version-history":[{"count":0,"href":"https:\/\/www.compositeur-arrangeur.com\/blog\/wp-json\/wp\/v2\/posts\/427\/revisions"}],"wp:attachment":[{"href":"https:\/\/www.compositeur-arrangeur.com\/blog\/wp-json\/wp\/v2\/media?parent=427"}],"wp:term":[{"taxonomy":"category","embeddable":true,"href":"https:\/\/www.compositeur-arrangeur.com\/blog\/wp-json\/wp\/v2\/categories?post=427"},{"taxonomy":"post_tag","embeddable":true,"href":"https:\/\/www.compositeur-arrangeur.com\/blog\/wp-json\/wp\/v2\/tags?post=427"}],"curies":[{"name":"wp","href":"https:\/\/api.w.org\/{rel}","templated":true}]}}