{"id":435,"date":"2011-07-13T14:46:00","date_gmt":"2011-07-13T14:46:00","guid":{"rendered":"https:\/\/www.compositeur-arrangeur.com\/blog\/233-nicolas-braconnier-de-la-belle-musique\/"},"modified":"2011-07-13T14:46:00","modified_gmt":"2011-07-13T14:46:00","slug":"233-nicolas-braconnier-de-la-belle-musique","status":"publish","type":"post","link":"https:\/\/www.compositeur-arrangeur.com\/blog\/233-nicolas-braconnier-de-la-belle-musique\/","title":{"rendered":"D\u00e9couvrez Nicolas Braconnier, compositeur de belle musique !"},"content":{"rendered":"<p>\n<a href=\"http:\/\/www.nicolasbraconnier.fr\/ecoutez.html\" hreflang=\"fr\" target=\"_blank\" rel=\"nofollow noopener\" onclick=\"javascript: pageTracker._trackPageview (&#039;\/blogout\/nicolasbraconnier.fr\/ecoutez.html&#039;);\">Nicolas Braconnier<\/a> est un artiste qui compose dans de nombreux styles. Il travaille actuellement sur un album solo orient\u00e9 pop\/rock, mais j&rsquo;aimerais m&rsquo;attarder sur quelques musiques dont il a le secret, dans un registre <a href=\"http:\/\/www.aflaurent.com\/index.php3?theme=2&#038;soustheme=19&#038;rubrique=145&#038;langue=fr\" target=\"_blank\" rel=\"nofollow noopener\" onclick=\"javascript: pageTracker._trackPageview (&#039;\/blogout\/aflaurent.com\/index.php3?theme=2&#038;soustheme=19&#038;rubrique=145&#038;langue=fr&#039;);\">symphonique<\/a>. <\/p>\n<p>Je pense notamment \u00e0 son travail sur \u00ab\u00a0Patriange\u00a0\u00bb (en tant que compositeur, orchestrateur, mais aussi chef d&rsquo;orchestre). Il s&rsquo;agit d&rsquo;une tr\u00e8s belle musique, m\u00e9lancolique avec une l\u00e9g\u00e8re touche d&rsquo;espoir. C&rsquo;est une pi\u00e8ce \u00e9crite en m\u00e9moire d&rsquo;une <a href=\"http:\/\/blog.communes76.com\/post\/2006\/07\/05\/148-patricia-piedfort-comedienne-assassinee-par-hasard2\" target=\"_blank\" rel=\"nofollow noopener\" onclick=\"javascript: pageTracker._trackPageview (&#039;\/blogout\/blog.communes76.com\/post\/2006\/07\/05\/148-patricia-piedfort-comedienne-assassinee-par-hasard2&#039;);\">jeune maman, assassin\u00e9e \u00ab\u00a0au hasard\u00a0\u00bb<\/a>, dans la rue par un d\u00e9s\u00e9quilibr\u00e9&#8230; L&rsquo;oeuvre est interpr\u00e9t\u00e9e par l&rsquo;orchestre symphonique de Montivilliers (pr\u00e8s du Havre) : le r\u00e9sultat donne quelque chose d&rsquo;intime, pudique, avec de la retenue, sans \u00e9clat inutile.<\/p>\n<p>Il y a aussi une particularit\u00e9 en rapport avec ce blog : Nicolas est aveugle de naissance. Et, pour reprendre ce que j&rsquo;\u00e9cris dans le billet <a href=\"https:\/\/www.compositeur-arrangeur.com\/blog\/208-site-sur-la-musique-accessible-aux-non-voyants-et-malvoyants\" target=\"_blank\" rel=\"nofollow noopener\" onclick=\"javascript: pageTracker._trackPageview (&#039;\/blogout\/compositeur-arrangeur.com\/blog\/index.php\/208-site-sur-la-musique-accessible-aux-non-voyants-et-malvoyants&#039;);\"><ins>musique et d\u00e9ficience visuelle<\/ins><\/a>,  cela ne l&rsquo;a pas emp\u00each\u00e9 de composer brillamment la musique d&rsquo;un long m\u00e9trage (\u00ab Owen GEAR \u00bbr\u00e9alis\u00e9 par Jean-Pierre BENARD).<\/p>\n<p>J&rsquo;y ai d\u00e9couvert \u00e9galement d&rsquo;autres compositions orchestrales, produites sur ordinateur.<br \/>\nUne bonne surprise, car les th\u00e8mes ont de la personnalit\u00e9. Je retiens particuli\u00e8rement le \u00ab\u00a0Gabriel&rsquo;s Love Theme\u00a0\u00bb dont la l\u00e9g\u00e8ret\u00e9 et l&rsquo;envol me rappellent par moments l&rsquo;ouverture d&rsquo;un grand film (je ne dis pas lequel mais la BO est sign\u00e9e Alan Silvestri&#8230;) <\/p>\n<p>Bref, sans plus tarder, je vous invite \u00e0 visiter la page de l&rsquo;artiste : <a href=\"http:\/\/www.nicolasbraconnier.fr\/index.html\" target=\"_blank\" rel=\"nofollow noopener\" onclick=\"javascript: pageTracker._trackPageview (&#039;\/blogout\/nicolasbraconnier.fr\/index.html&#039;);\"><ins><strong>Site de Nicolas Braconnier, compositeur<\/strong><\/ins><\/a><\/p>\n","protected":false},"excerpt":{"rendered":"<p>Nicolas Braconnier est un artiste qui compose dans de nombreux styles. Il travaille actuellement sur un album solo orient\u00e9 pop\/rock, mais j&rsquo;aimerais m&rsquo;attarder sur quelques musiques dont il a le secret, dans un registre symphonique. Je pense notamment \u00e0 son travail sur \u00ab\u00a0Patriange\u00a0\u00bb (en tant que compositeur, orchestrateur, mais aussi chef d&rsquo;orchestre). Il s&rsquo;agit d&rsquo;une [&hellip;]<\/p>\n","protected":false},"author":2,"featured_media":0,"comment_status":"closed","ping_status":"closed","sticky":false,"template":"","format":"standard","meta":{"site-sidebar-layout":"default","site-content-layout":"","ast-site-content-layout":"","site-content-style":"default","site-sidebar-style":"default","ast-global-header-display":"","ast-banner-title-visibility":"","ast-main-header-display":"","ast-hfb-above-header-display":"","ast-hfb-below-header-display":"","ast-hfb-mobile-header-display":"","site-post-title":"","ast-breadcrumbs-content":"","ast-featured-img":"","footer-sml-layout":"","theme-transparent-header-meta":"","adv-header-id-meta":"","stick-header-meta":"","header-above-stick-meta":"","header-main-stick-meta":"","header-below-stick-meta":"","astra-migrate-meta-layouts":"default","ast-page-background-enabled":"default","ast-page-background-meta":{"desktop":{"background-color":"var(--ast-global-color-4)","background-image":"","background-repeat":"repeat","background-position":"center center","background-size":"auto","background-attachment":"scroll","background-type":"","background-media":"","overlay-type":"","overlay-color":"","overlay-gradient":""},"tablet":{"background-color":"","background-image":"","background-repeat":"repeat","background-position":"center center","background-size":"auto","background-attachment":"scroll","background-type":"","background-media":"","overlay-type":"","overlay-color":"","overlay-gradient":""},"mobile":{"background-color":"","background-image":"","background-repeat":"repeat","background-position":"center center","background-size":"auto","background-attachment":"scroll","background-type":"","background-media":"","overlay-type":"","overlay-color":"","overlay-gradient":""}},"ast-content-background-meta":{"desktop":{"background-color":"var(--ast-global-color-5)","background-image":"","background-repeat":"repeat","background-position":"center center","background-size":"auto","background-attachment":"scroll","background-type":"","background-media":"","overlay-type":"","overlay-color":"","overlay-gradient":""},"tablet":{"background-color":"var(--ast-global-color-5)","background-image":"","background-repeat":"repeat","background-position":"center center","background-size":"auto","background-attachment":"scroll","background-type":"","background-media":"","overlay-type":"","overlay-color":"","overlay-gradient":""},"mobile":{"background-color":"var(--ast-global-color-5)","background-image":"","background-repeat":"repeat","background-position":"center center","background-size":"auto","background-attachment":"scroll","background-type":"","background-media":"","overlay-type":"","overlay-color":"","overlay-gradient":""}},"footnotes":""},"categories":[8],"tags":[],"class_list":["post-435","post","type-post","status-publish","format-standard","hentry","category-mes-coups-de-coeur"],"_links":{"self":[{"href":"https:\/\/www.compositeur-arrangeur.com\/blog\/wp-json\/wp\/v2\/posts\/435","targetHints":{"allow":["GET"]}}],"collection":[{"href":"https:\/\/www.compositeur-arrangeur.com\/blog\/wp-json\/wp\/v2\/posts"}],"about":[{"href":"https:\/\/www.compositeur-arrangeur.com\/blog\/wp-json\/wp\/v2\/types\/post"}],"author":[{"embeddable":true,"href":"https:\/\/www.compositeur-arrangeur.com\/blog\/wp-json\/wp\/v2\/users\/2"}],"replies":[{"embeddable":true,"href":"https:\/\/www.compositeur-arrangeur.com\/blog\/wp-json\/wp\/v2\/comments?post=435"}],"version-history":[{"count":0,"href":"https:\/\/www.compositeur-arrangeur.com\/blog\/wp-json\/wp\/v2\/posts\/435\/revisions"}],"wp:attachment":[{"href":"https:\/\/www.compositeur-arrangeur.com\/blog\/wp-json\/wp\/v2\/media?parent=435"}],"wp:term":[{"taxonomy":"category","embeddable":true,"href":"https:\/\/www.compositeur-arrangeur.com\/blog\/wp-json\/wp\/v2\/categories?post=435"},{"taxonomy":"post_tag","embeddable":true,"href":"https:\/\/www.compositeur-arrangeur.com\/blog\/wp-json\/wp\/v2\/tags?post=435"}],"curies":[{"name":"wp","href":"https:\/\/api.w.org\/{rel}","templated":true}]}}