{"id":436,"date":"2011-08-01T15:52:43","date_gmt":"2011-08-01T15:52:43","guid":{"rendered":"https:\/\/www.compositeur-arrangeur.com\/blog\/234-fugue-pour-quatuor-a-cordes-composee-par-francois-sohm\/"},"modified":"2011-08-01T15:52:43","modified_gmt":"2011-08-01T15:52:43","slug":"234-fugue-pour-quatuor-a-cordes-composee-par-francois-sohm","status":"publish","type":"post","link":"https:\/\/www.compositeur-arrangeur.com\/blog\/234-fugue-pour-quatuor-a-cordes-composee-par-francois-sohm\/","title":{"rendered":"Fugue pour quatuor \u00e0 cordes, compos\u00e9e par Fran\u00e7ois Sohm"},"content":{"rendered":"<p>\nDans ce billet, je vous montre une vid\u00e9o envoy\u00e9e par mon coll\u00e8gue Fran\u00e7ois Sohm. Il s&rsquo;agit d&rsquo;une fugue compos\u00e9e pour quatuor \u00e0 cordes, et produite \u00e0 l&rsquo;aide de la banque Solo Strings de la Vienna Symphonic Library (Horizon). Elle m\u00e9riterait d&rsquo;\u00eatre interpr\u00e9t\u00e9e par un vrai quatuor !<\/p>\n<p>On entend bien l&rsquo;arriv\u00e9e de chaque instrument (le sujet, la r\u00e9ponse etc&#8230;), et les images apportent une petite touche p\u00e9dagogique qui n&rsquo;est pas pour me d\u00e9plaire \ud83d\ude42<\/p>\n<p>Pour rappel, la constitution du quatuor \u00e0 cordes (string quartet), en tant qu&rsquo;ensemble instrumental :<\/p>\n<ul>\n<li>Violon 1<\/li>\n<li>Violon 2<\/li>\n<li>Alto<\/li>\n<li>Violoncelle<\/li>\n<\/ul>\n<p>Merci \u00e0 toi Fran\u00e7ois !<\/p>\n<div align=\"center\">\n<iframe loading=\"lazy\" width=\"560\" height=\"349\" src=\"http:\/\/www.youtube.com\/embed\/X5qJmH9lkoA\" frameborder=\"0\" allowfullscreen><\/iframe><\/p>\n<p><strong>Composition musicale et montage vid\u00e9o :<\/strong> <a href=\"http:\/\/www.youtube.com\/user\/faonfaon\" target=\"_blank\" rel=\"nofollow noopener\" onclick=\"javascript: pageTracker._trackPageview (&#039;\/blogout\/youtube.com\/user\/faonfaon&#039;);\"><strong><ins>Fran\u00e7ois Sohm<\/ins><\/strong><\/a><\/div>\n","protected":false},"excerpt":{"rendered":"<p>Dans ce billet, je vous montre une vid\u00e9o envoy\u00e9e par mon coll\u00e8gue Fran\u00e7ois Sohm. Il s&rsquo;agit d&rsquo;une fugue compos\u00e9e pour quatuor \u00e0 cordes, et produite \u00e0 l&rsquo;aide de la banque Solo Strings de la Vienna Symphonic Library (Horizon). Elle m\u00e9riterait d&rsquo;\u00eatre interpr\u00e9t\u00e9e par un vrai quatuor ! On entend bien l&rsquo;arriv\u00e9e de chaque instrument (le [&hellip;]<\/p>\n","protected":false},"author":2,"featured_media":0,"comment_status":"closed","ping_status":"closed","sticky":false,"template":"","format":"standard","meta":{"site-sidebar-layout":"default","site-content-layout":"","ast-site-content-layout":"","site-content-style":"default","site-sidebar-style":"default","ast-global-header-display":"","ast-banner-title-visibility":"","ast-main-header-display":"","ast-hfb-above-header-display":"","ast-hfb-below-header-display":"","ast-hfb-mobile-header-display":"","site-post-title":"","ast-breadcrumbs-content":"","ast-featured-img":"","footer-sml-layout":"","theme-transparent-header-meta":"","adv-header-id-meta":"","stick-header-meta":"","header-above-stick-meta":"","header-main-stick-meta":"","header-below-stick-meta":"","astra-migrate-meta-layouts":"default","ast-page-background-enabled":"default","ast-page-background-meta":{"desktop":{"background-color":"var(--ast-global-color-4)","background-image":"","background-repeat":"repeat","background-position":"center center","background-size":"auto","background-attachment":"scroll","background-type":"","background-media":"","overlay-type":"","overlay-color":"","overlay-gradient":""},"tablet":{"background-color":"","background-image":"","background-repeat":"repeat","background-position":"center center","background-size":"auto","background-attachment":"scroll","background-type":"","background-media":"","overlay-type":"","overlay-color":"","overlay-gradient":""},"mobile":{"background-color":"","background-image":"","background-repeat":"repeat","background-position":"center center","background-size":"auto","background-attachment":"scroll","background-type":"","background-media":"","overlay-type":"","overlay-color":"","overlay-gradient":""}},"ast-content-background-meta":{"desktop":{"background-color":"var(--ast-global-color-5)","background-image":"","background-repeat":"repeat","background-position":"center center","background-size":"auto","background-attachment":"scroll","background-type":"","background-media":"","overlay-type":"","overlay-color":"","overlay-gradient":""},"tablet":{"background-color":"var(--ast-global-color-5)","background-image":"","background-repeat":"repeat","background-position":"center center","background-size":"auto","background-attachment":"scroll","background-type":"","background-media":"","overlay-type":"","overlay-color":"","overlay-gradient":""},"mobile":{"background-color":"var(--ast-global-color-5)","background-image":"","background-repeat":"repeat","background-position":"center center","background-size":"auto","background-attachment":"scroll","background-type":"","background-media":"","overlay-type":"","overlay-color":"","overlay-gradient":""}},"footnotes":""},"categories":[9],"tags":[],"class_list":["post-436","post","type-post","status-publish","format-standard","hentry","category-orchestration-notation"],"_links":{"self":[{"href":"https:\/\/www.compositeur-arrangeur.com\/blog\/wp-json\/wp\/v2\/posts\/436","targetHints":{"allow":["GET"]}}],"collection":[{"href":"https:\/\/www.compositeur-arrangeur.com\/blog\/wp-json\/wp\/v2\/posts"}],"about":[{"href":"https:\/\/www.compositeur-arrangeur.com\/blog\/wp-json\/wp\/v2\/types\/post"}],"author":[{"embeddable":true,"href":"https:\/\/www.compositeur-arrangeur.com\/blog\/wp-json\/wp\/v2\/users\/2"}],"replies":[{"embeddable":true,"href":"https:\/\/www.compositeur-arrangeur.com\/blog\/wp-json\/wp\/v2\/comments?post=436"}],"version-history":[{"count":0,"href":"https:\/\/www.compositeur-arrangeur.com\/blog\/wp-json\/wp\/v2\/posts\/436\/revisions"}],"wp:attachment":[{"href":"https:\/\/www.compositeur-arrangeur.com\/blog\/wp-json\/wp\/v2\/media?parent=436"}],"wp:term":[{"taxonomy":"category","embeddable":true,"href":"https:\/\/www.compositeur-arrangeur.com\/blog\/wp-json\/wp\/v2\/categories?post=436"},{"taxonomy":"post_tag","embeddable":true,"href":"https:\/\/www.compositeur-arrangeur.com\/blog\/wp-json\/wp\/v2\/tags?post=436"}],"curies":[{"name":"wp","href":"https:\/\/api.w.org\/{rel}","templated":true}]}}