{"id":48,"date":"2010-03-21T18:34:52","date_gmt":"2010-03-21T18:34:52","guid":{"rendered":"https:\/\/www.compositeur-arrangeur.com\/blog\/22-tva-vous-etes-compositeur-et-avez-opte-pour-le-regime-reel-normal-ou-mini-reel-avec-declaration-trimestrielle-de-la-tva-a-55\/"},"modified":"2010-03-21T18:34:52","modified_gmt":"2010-03-21T18:34:52","slug":"22-tva-vous-etes-compositeur-et-avez-opte-pour-le-regime-reel-normal-ou-mini-reel-avec-declaration-trimestrielle-de-la-tva-a-55","status":"publish","type":"post","link":"https:\/\/www.compositeur-arrangeur.com\/blog\/22-tva-vous-etes-compositeur-et-avez-opte-pour-le-regime-reel-normal-ou-mini-reel-avec-declaration-trimestrielle-de-la-tva-a-55\/","title":{"rendered":"TVA : vous \u00eates compositeur et avez opt\u00e9 pour le r\u00e9gime r\u00e9el normal (ou mini r\u00e9el) avec d\u00e9claration trimestrielle de la TVA \u00e0 5,5 %."},"content":{"rendered":"<p>\n<strong>Billet mis \u00e0 jour le 21 mars 2010 :<\/strong><\/p>\n<p>Ce choix s&rsquo;effectue lorsque vous remplissez l&rsquo;encadr\u00e9 \u00ab\u00a0Options fiscales\u00a0\u00bb du <a href=\"http:\/\/vosdroits.service-public.fr\/pme\/R13748.xhtml\" target=\"_blank\" rel=\"noopener nofollow\"><ins>formulaire P0i<\/ins><\/a> (quand vous d\u00e9cidez de vous enregistrer en tant que compositeur travailleur ind\u00e9pendant, au centre des imp\u00f4ts).<\/p>\n<p>Petite parenth\u00e8se : si vous pensez que la composition musicale ne vous rapportera pas plus de <a href=\"http:\/\/www.netpme.fr\/fiscalite-entreprise\/1295-dispositions-fiscales-loi-modernisation-l-economie.html\" target=\"_blank\" rel=\"nofollow noopener\" onclick=\"javascript: pageTracker._trackPageview (&#039;\/blogout\/netpme.fr\/fiscalite-entreprise\/1295-dispositions-fiscales-loi-modernisation-l-economie.html&#039;);\">32000 \u20ac<\/a> par an (chiffres 2009), vous n&rsquo;\u00eates pas oblig\u00e9s d&rsquo;appliquer de TVA. Il suffira d&rsquo;\u00e9crire une somme HT sur vos factures et de mentionner: \u00ab TVA non applicable article 293B du CGI \u00bb  Donc l\u00e0 : pas de TVA gagn\u00e9e, pas de TVA \u00e0 reverser (forc\u00e9ment).<br \/>\nPour cette option, il faut cocher la case \u00ab\u00a0franchise en base TVA\u00a0\u00bb (et non r\u00e9gime r\u00e9el normal ou mini-r\u00e9el) au moment de votre inscription sur le  <a href=\"http:\/\/vosdroits.service-public.fr\/pme\/R13748.xhtml\" target=\"_blank\" rel=\"noopener nofollow\"><ins>formulaire P0i<\/ins><\/a>  <\/p>\n<p>Mais revenons \u00e0 l&rsquo;option <strong>d\u00e9claration trimestrielle de la TVA \u00e0 5,5 %<\/strong> (r\u00e9gime r\u00e9el normal ou mini-r\u00e9el) : <br \/>\nCette option qui consiste \u00e0 reverser votre TVA chaque trimestre peut \u00eatre int\u00e9ressante, car vous pourrez d\u00e9duire la TVA de vos achats (investissements pour la musique) :<\/p>\n<p>Cette d\u00e9claration se pr\u00e9sente sous forme d&rsquo;un papier que l&rsquo;on re\u00e7oit tous les 3 mois et qui comporte 2 parties (je sch\u00e9matise un peu) :<\/p>\n<ul>\n<li>Une premi\u00e8re partie qui correspond \u00e0 la TVA de 5,5 % que vous avez appliqu\u00e9e sur l&rsquo;ensemble de vos factures (des 3 derniers mois) et que vous devez redonner \u00e0 l&rsquo;Etat.<\/li>\n<p><\/p>\n<li>Une seconde partie qui correspond \u00e0 la TVA de 19,6 % de l&rsquo;ensemble de vos achats (des 3 derniers mois) qui vous permettent de faire votre m\u00e9tier (voir qq exemples plus bas).<\/li>\n<\/ul>\n<p><\/p>\n<p>Comme il s&rsquo;agit d&rsquo;une soustraction, la TVA que vous reversez au Tr\u00e9sor Public est plus petite que celle que vous avez per\u00e7ue sur votre facture. Il arrive m\u00eame que les d\u00e9ductions de TVA de vos achats soient plus \u00e9lev\u00e9es que vos TVA de factures (vos notes d&rsquo;auteur), ce qui vous met en position de <strong>cr\u00e9dit positif<\/strong> (en d&rsquo;autres termes, le Tr\u00e9sor Public vous doit de l&rsquo;argent, sous forme d&rsquo;avoir sur votre prochaine d\u00e9claration trimestrielle de la TVA).<\/p>\n<p>Voici quelques exemples d&rsquo;achats dont vous pourrez d\u00e9duire la TVA sur votre d\u00e9claration trimestrielle :<\/p>\n<ul>\n<li>Mat\u00e9riel informatique (ordinateur, graveur, disque dur externe etc.)<\/li>\n<li>Mat\u00e9riel de musique (instrument de musique, banque de sons etc.)<\/li>\n<li>Consommable (cartouches d&rsquo;encre pour imprimer vos partitions, papier A4 etc.)<\/li>\n<li>CD et DVD vierges<\/li>\n<li>Mat\u00e9riel de bureautique (crayons, bloc-notes, trombones etc.)<\/li>\n<li>Mobilier de bureau (chaise confortable, lampe halog\u00e8ne etc.)<\/li>\n<li>Forfait Mobile <\/li>\n<li>Forfait Internet<\/li>\n<li>D\u00e9placement pour RDV dans une boite de prod<\/li>\n<li>Repas d&rsquo;affaire avec un r\u00e9alisateur<\/li>\n<li>Frais de courrier postal<\/li>\n<li>Places de concert de musique classique<\/li>\n<li>Achat de CD de musique de film (Les r\u00e9alisateurs donnent souvent des r\u00e9f\u00e9rences)<\/li>\n<li>Achat d&rsquo;un DVD du dernier concert de Morricone<\/li>\n<li>etc&#8230;<\/li>\n<\/ul>\n<p>\nNB : Les factures SNCF et RATP ont des TVA \u00e0 5,5 %<\/p>\n<p>\n<strong>En r\u00e9sumer :<\/strong><\/p>\n<ol>\n<li>Franchise en base TVA :<br \/>\nPas de TVA per\u00e7ue, pas de TVA revers\u00e9e au Tr\u00e9sor Public<\/p>\n<\/li>\n<li>TVA au r\u00e9gime r\u00e9el normal ou mini r\u00e9el :<br \/>\n Une TVA gagn\u00e9e, \u00ab\u00a0en partie\u00a0\u00bb revers\u00e9e au Tr\u00e9sor Public : c&rsquo;est un gain pour vous  (m\u00eame si un ch\u00e8que plus petit reste un ch\u00e8que quand m\u00eame&#8230;). <\/p>\n<\/li>\n<\/ol>\n<p>Aussi, lorsqu&rsquo;un client me demande mon tarif pour un devis, je donne toujours un chiffre rond Hors Taxe en pr\u00e9cisant que la TVA est \u00e0 5,5 %.<br \/>\nC&rsquo;est ce chiffre qui correspond le mieux \u00e0 la valeur de ma r\u00e9mun\u00e9ration (et que je vais effectivement recevoir, moins les cotisations sociales&#8230;)<\/p>\n<p><strong>Et l&rsquo;argent que l&rsquo;on touche de la SACEM ?<\/strong><br \/>\nQuand on re\u00e7oit les feuillets de r\u00e9partitions, la SACEM indique clairement \u00e0 combien s&rsquo;\u00e9l\u00e8ve la TVA qu&rsquo;il faudra d\u00e9clarer au Tr\u00e9sor Public. En outre, les feuillets de r\u00e9partition sont accompagn\u00e9s d&rsquo;une \u00ab\u00a0facture\u00a0\u00bb \u00e0 signer et \u00e0 renvoyer \u00e0 la SACEM.<\/p>\n","protected":false},"excerpt":{"rendered":"<p>Billet mis \u00e0 jour le 21 mars 2010 : Ce choix s&rsquo;effectue lorsque vous remplissez l&rsquo;encadr\u00e9 \u00ab\u00a0Options fiscales\u00a0\u00bb du formulaire P0i (quand vous d\u00e9cidez de vous enregistrer en tant que compositeur travailleur ind\u00e9pendant, au centre des imp\u00f4ts). Petite parenth\u00e8se : si vous pensez que la composition musicale ne vous rapportera pas plus de 32000 \u20ac [&hellip;]<\/p>\n","protected":false},"author":2,"featured_media":0,"comment_status":"closed","ping_status":"closed","sticky":false,"template":"","format":"standard","meta":{"site-sidebar-layout":"default","site-content-layout":"","ast-site-content-layout":"","site-content-style":"default","site-sidebar-style":"default","ast-global-header-display":"","ast-banner-title-visibility":"","ast-main-header-display":"","ast-hfb-above-header-display":"","ast-hfb-below-header-display":"","ast-hfb-mobile-header-display":"","site-post-title":"","ast-breadcrumbs-content":"","ast-featured-img":"","footer-sml-layout":"","theme-transparent-header-meta":"","adv-header-id-meta":"","stick-header-meta":"","header-above-stick-meta":"","header-main-stick-meta":"","header-below-stick-meta":"","astra-migrate-meta-layouts":"default","ast-page-background-enabled":"default","ast-page-background-meta":{"desktop":{"background-color":"var(--ast-global-color-4)","background-image":"","background-repeat":"repeat","background-position":"center center","background-size":"auto","background-attachment":"scroll","background-type":"","background-media":"","overlay-type":"","overlay-color":"","overlay-gradient":""},"tablet":{"background-color":"","background-image":"","background-repeat":"repeat","background-position":"center center","background-size":"auto","background-attachment":"scroll","background-type":"","background-media":"","overlay-type":"","overlay-color":"","overlay-gradient":""},"mobile":{"background-color":"","background-image":"","background-repeat":"repeat","background-position":"center center","background-size":"auto","background-attachment":"scroll","background-type":"","background-media":"","overlay-type":"","overlay-color":"","overlay-gradient":""}},"ast-content-background-meta":{"desktop":{"background-color":"var(--ast-global-color-5)","background-image":"","background-repeat":"repeat","background-position":"center center","background-size":"auto","background-attachment":"scroll","background-type":"","background-media":"","overlay-type":"","overlay-color":"","overlay-gradient":""},"tablet":{"background-color":"var(--ast-global-color-5)","background-image":"","background-repeat":"repeat","background-position":"center center","background-size":"auto","background-attachment":"scroll","background-type":"","background-media":"","overlay-type":"","overlay-color":"","overlay-gradient":""},"mobile":{"background-color":"var(--ast-global-color-5)","background-image":"","background-repeat":"repeat","background-position":"center center","background-size":"auto","background-attachment":"scroll","background-type":"","background-media":"","overlay-type":"","overlay-color":"","overlay-gradient":""}},"footnotes":""},"categories":[3],"tags":[],"class_list":["post-48","post","type-post","status-publish","format-standard","hentry","category-le-statut-du-compositeur"],"_links":{"self":[{"href":"https:\/\/www.compositeur-arrangeur.com\/blog\/wp-json\/wp\/v2\/posts\/48","targetHints":{"allow":["GET"]}}],"collection":[{"href":"https:\/\/www.compositeur-arrangeur.com\/blog\/wp-json\/wp\/v2\/posts"}],"about":[{"href":"https:\/\/www.compositeur-arrangeur.com\/blog\/wp-json\/wp\/v2\/types\/post"}],"author":[{"embeddable":true,"href":"https:\/\/www.compositeur-arrangeur.com\/blog\/wp-json\/wp\/v2\/users\/2"}],"replies":[{"embeddable":true,"href":"https:\/\/www.compositeur-arrangeur.com\/blog\/wp-json\/wp\/v2\/comments?post=48"}],"version-history":[{"count":0,"href":"https:\/\/www.compositeur-arrangeur.com\/blog\/wp-json\/wp\/v2\/posts\/48\/revisions"}],"wp:attachment":[{"href":"https:\/\/www.compositeur-arrangeur.com\/blog\/wp-json\/wp\/v2\/media?parent=48"}],"wp:term":[{"taxonomy":"category","embeddable":true,"href":"https:\/\/www.compositeur-arrangeur.com\/blog\/wp-json\/wp\/v2\/categories?post=48"},{"taxonomy":"post_tag","embeddable":true,"href":"https:\/\/www.compositeur-arrangeur.com\/blog\/wp-json\/wp\/v2\/tags?post=48"}],"curies":[{"name":"wp","href":"https:\/\/api.w.org\/{rel}","templated":true}]}}