{"id":58,"date":"2008-06-07T21:24:37","date_gmt":"2008-06-07T21:24:37","guid":{"rendered":"https:\/\/www.compositeur-arrangeur.com\/blog\/27-petites-chansons-pour-les-enfants\/"},"modified":"2008-06-07T21:24:37","modified_gmt":"2008-06-07T21:24:37","slug":"27-petites-chansons-pour-les-enfants","status":"publish","type":"post","link":"https:\/\/www.compositeur-arrangeur.com\/blog\/27-petites-chansons-pour-les-enfants\/","title":{"rendered":"Petites chansons pour les enfants"},"content":{"rendered":"<p>\nUne petite comptine qui s&rsquo;intitule <strong>Dans l&rsquo;herbe mouill\u00e9e<\/strong> pour faire plaisir \u00e0 Vincent B \ud83d\ude09<\/p>\n<ul>\n<li>Chant : <a href=\"http:\/\/www.comptinesetjeuxdedoigts.com\/\" target=\"_blank\" rel=\"noopener nofollow\"><ins>R\u00e9mi<\/ins> <\/a> <\/li>\n<li>Arrangement : <a href=\"http:\/\/tanguyfollio.free.fr\/compositeur_musique_de_film\/index.php\" target=\"_blank\" rel=\"noopener nofollow\"><ins>Tanguy Follio<\/ins><\/a><\/li>\n<\/ul>\n<audio class=\"wp-audio-shortcode\" id=\"audio-58-1\" preload=\"none\" style=\"width: 100%;\" controls=\"controls\"><source type=\"audio\/mpeg\" src=\"https:\/\/www.latroika.com\/mp3\/tanguy-follio\/blog\/follio_herbe_mouillee.mp3?_=1\" \/><a href=\"https:\/\/www.latroika.com\/mp3\/tanguy-follio\/blog\/follio_herbe_mouillee.mp3\" rel=\"nofollow noopener\" target=\"_blank\">https:\/\/www.latroika.com\/mp3\/tanguy-follio\/blog\/follio_herbe_mouillee.mp3<\/a><\/audio>\n<p>\nComme quelques uns de mes coll\u00e8gues (Alex, David, Laurent, Bernhard etc&#8230;) il f\u00fbt un temps o\u00f9 je faisais des <a href=\"http:\/\/www.comptinesetjeuxdedoigts.com\/\" target=\"_blank\" rel=\"noopener nofollow\">arrangements pour des comptines<\/a> du domaine publique.<br \/>\nCela n&rsquo;a rien \u00e0 voir avec la musique de film ! me direz-vous&#8230;<br \/>\nCertes, mais c&rsquo;\u00e9tait tout de m\u00eame tr\u00e8s formateur. <\/p>\n<p>D&rsquo;abord sur le plan narratif, car il fallait choisir une <a href=\"http:\/\/fr.wikipedia.org\/wiki\/Instrumentation\" target=\"_blank\" rel=\"noopener nofollow\">instrumentation<\/a> qui collait \u00e0 l&rsquo;identit\u00e9 de chaque comptine (du saxo pour les petits canards, de la fl\u00fbte pour les petits oiseaux, de la fanfare pour les clowns etc&#8230;).<br \/>\nEnsuite sur le plan harmonique, car il fallait trouver des enchainements d&rsquo;accords int\u00e9ressants (autres que I-V-I) pour accompagner les m\u00e9lodies tr\u00e8s simples, ce qui n&rsquo;\u00e9tait pas si \u00e9vident ! Il suffit d&rsquo;\u00e9couter les diverses variations de Mozart sur \u00ab\u00a0Ah vous dirais-je maman\u00a0\u00bb pour s&rsquo;en rendre compte.<\/p>\n<p><\/p>\n<div align=\"center\"><a href=\"http:\/\/www.amazon.fr\/60-comptines-formulettes-pour-maternelles\/dp\/B00014EJDO\/ref=sr_1_3?ie=UTF8&#038;s=music&#038;qid=1202914327&#038;sr=1-3\" target=\"_blank\" rel=\"noopener nofollow\"><img decoding=\"async\" src=\"https:\/\/www.compositeur-arrangeur.com\/blog\/wp-content\/uploads\/2021\/06\/maternelle.jpg\" alt=\"arrangements musicaux de la tro\u00efka\"\/><\/a><\/p>\n<p><a href=\"http:\/\/www.amazon.fr\/60-comptines-formulettes-pour-maternelles\/dp\/B00014EJDO\/ref=sr_1_3?ie=UTF8&#038;s=music&#038;qid=1202914327&#038;sr=1-3\" target=\"_blank\" rel=\"noopener nofollow\"><ins>CD en vente chez votre disquaire<\/ins> !<\/a>\n<\/div>\n<p>Derni\u00e8rement, je me suis fait un petit arrangement de <strong>Un \u00e9l\u00e9phant qui se balan\u00e7ait<\/strong> de mani\u00e8re un peu rock pour m&rsquo;amuser (guitare, batterie, cuivres). Chant : Gwen Follio (p&rsquo;tit fr\u00e8re)<\/p>\n<p><audio class=\"wp-audio-shortcode\" id=\"audio-58-2\" preload=\"none\" style=\"width: 100%;\" controls=\"controls\"><source type=\"audio\/mpeg\" src=\"https:\/\/www.latroika.com\/mp3\/tanguy-follio\/blog\/follio_elephant.mp3?_=2\" \/><a href=\"https:\/\/www.latroika.com\/mp3\/tanguy-follio\/blog\/follio_elephant.mp3\" rel=\"nofollow noopener\" target=\"_blank\">https:\/\/www.latroika.com\/mp3\/tanguy-follio\/blog\/follio_elephant.mp3<\/a><\/audio><br \/>\n<\/p>\n<p>Pour rependre ce que j&rsquo;expliquais plus haut, on peut entendre, tout \u00e0 la fin, un shaker de trompettes ainsi qu&rsquo;un glissando de trombones qui d\u00e9crivent la d\u00e9gringolade des \u00e9l\u00e9phants&#8230; <\/p>\n","protected":false},"excerpt":{"rendered":"<p>Une petite comptine qui s&rsquo;intitule Dans l&rsquo;herbe mouill\u00e9e pour faire plaisir \u00e0 Vincent B \ud83d\ude09 Chant : R\u00e9mi Arrangement : Tanguy Follio https:\/\/www.latroika.com\/mp3\/tanguy-follio\/blog\/follio_herbe_mouillee.mp3 Comme quelques uns de mes coll\u00e8gues (Alex, David, Laurent, Bernhard etc&#8230;) il f\u00fbt un temps o\u00f9 je faisais des arrangements pour des comptines du domaine publique. Cela n&rsquo;a rien \u00e0 voir avec [&hellip;]<\/p>\n","protected":false},"author":2,"featured_media":59,"comment_status":"closed","ping_status":"closed","sticky":false,"template":"","format":"standard","meta":{"site-sidebar-layout":"default","site-content-layout":"","ast-site-content-layout":"","site-content-style":"default","site-sidebar-style":"default","ast-global-header-display":"","ast-banner-title-visibility":"","ast-main-header-display":"","ast-hfb-above-header-display":"","ast-hfb-below-header-display":"","ast-hfb-mobile-header-display":"","site-post-title":"","ast-breadcrumbs-content":"","ast-featured-img":"","footer-sml-layout":"","theme-transparent-header-meta":"","adv-header-id-meta":"","stick-header-meta":"","header-above-stick-meta":"","header-main-stick-meta":"","header-below-stick-meta":"","astra-migrate-meta-layouts":"default","ast-page-background-enabled":"default","ast-page-background-meta":{"desktop":{"background-color":"var(--ast-global-color-4)","background-image":"","background-repeat":"repeat","background-position":"center center","background-size":"auto","background-attachment":"scroll","background-type":"","background-media":"","overlay-type":"","overlay-color":"","overlay-gradient":""},"tablet":{"background-color":"","background-image":"","background-repeat":"repeat","background-position":"center center","background-size":"auto","background-attachment":"scroll","background-type":"","background-media":"","overlay-type":"","overlay-color":"","overlay-gradient":""},"mobile":{"background-color":"","background-image":"","background-repeat":"repeat","background-position":"center center","background-size":"auto","background-attachment":"scroll","background-type":"","background-media":"","overlay-type":"","overlay-color":"","overlay-gradient":""}},"ast-content-background-meta":{"desktop":{"background-color":"var(--ast-global-color-5)","background-image":"","background-repeat":"repeat","background-position":"center center","background-size":"auto","background-attachment":"scroll","background-type":"","background-media":"","overlay-type":"","overlay-color":"","overlay-gradient":""},"tablet":{"background-color":"var(--ast-global-color-5)","background-image":"","background-repeat":"repeat","background-position":"center center","background-size":"auto","background-attachment":"scroll","background-type":"","background-media":"","overlay-type":"","overlay-color":"","overlay-gradient":""},"mobile":{"background-color":"var(--ast-global-color-5)","background-image":"","background-repeat":"repeat","background-position":"center center","background-size":"auto","background-attachment":"scroll","background-type":"","background-media":"","overlay-type":"","overlay-color":"","overlay-gradient":""}},"footnotes":""},"categories":[6],"tags":[],"class_list":["post-58","post","type-post","status-publish","format-standard","has-post-thumbnail","hentry","category-comptines-et-chansons-pour-les-enfants"],"_links":{"self":[{"href":"https:\/\/www.compositeur-arrangeur.com\/blog\/wp-json\/wp\/v2\/posts\/58","targetHints":{"allow":["GET"]}}],"collection":[{"href":"https:\/\/www.compositeur-arrangeur.com\/blog\/wp-json\/wp\/v2\/posts"}],"about":[{"href":"https:\/\/www.compositeur-arrangeur.com\/blog\/wp-json\/wp\/v2\/types\/post"}],"author":[{"embeddable":true,"href":"https:\/\/www.compositeur-arrangeur.com\/blog\/wp-json\/wp\/v2\/users\/2"}],"replies":[{"embeddable":true,"href":"https:\/\/www.compositeur-arrangeur.com\/blog\/wp-json\/wp\/v2\/comments?post=58"}],"version-history":[{"count":0,"href":"https:\/\/www.compositeur-arrangeur.com\/blog\/wp-json\/wp\/v2\/posts\/58\/revisions"}],"wp:featuredmedia":[{"embeddable":true,"href":"https:\/\/www.compositeur-arrangeur.com\/blog\/wp-json\/wp\/v2\/media\/59"}],"wp:attachment":[{"href":"https:\/\/www.compositeur-arrangeur.com\/blog\/wp-json\/wp\/v2\/media?parent=58"}],"wp:term":[{"taxonomy":"category","embeddable":true,"href":"https:\/\/www.compositeur-arrangeur.com\/blog\/wp-json\/wp\/v2\/categories?post=58"},{"taxonomy":"post_tag","embeddable":true,"href":"https:\/\/www.compositeur-arrangeur.com\/blog\/wp-json\/wp\/v2\/tags?post=58"}],"curies":[{"name":"wp","href":"https:\/\/api.w.org\/{rel}","templated":true}]}}