{"id":74,"date":"2008-03-29T21:59:22","date_gmt":"2008-03-29T21:59:22","guid":{"rendered":"https:\/\/www.compositeur-arrangeur.com\/blog\/34-un-compositeur-peut-il-etre-intermittent-du-spectacle\/"},"modified":"2008-03-29T21:59:22","modified_gmt":"2008-03-29T21:59:22","slug":"34-un-compositeur-peut-il-etre-intermittent-du-spectacle","status":"publish","type":"post","link":"https:\/\/www.compositeur-arrangeur.com\/blog\/34-un-compositeur-peut-il-etre-intermittent-du-spectacle\/","title":{"rendered":"Un compositeur peut-il \u00eatre intermittent du spectacle ?"},"content":{"rendered":"<p>\nOUI, mais uniquement en tant que prestataire technique (musicien, programmeur, mixeur etc&#8230;) et non comme compositeur au sens propre. <\/p>\n<p>Ce n&rsquo;est pas difficile, avec l&rsquo;informatique musicale et les home-studios de plus en plus sophistiqu\u00e9s, il est tout \u00e0 fait possible pour un compositeur de s\u00e9parer son travail en 2 cat\u00e9gories :<\/p>\n<ol>\n<li><strong>Le travail d&rsquo;auteur<\/strong> (la composition au sens propre), immat\u00e9riel qui entre dans le cadre de la propri\u00e9t\u00e9 intellectuelle et pour lequel le compositeur re\u00e7oit des <strong>droits d&rsquo;auteur<\/strong> : la note d&rsquo;auteur <a href=\"https:\/\/www.compositeur-arrangeur.com\/blog\/20-devenir-compositeur-professionnel-a-son-compte-emettre-des-factures\"><ins>(facture + Agessa)<\/ins><\/a> et\/ou les droits SACEM.<\/li>\n<p><\/p>\n<li><strong>Le travail technique<\/strong>, comme la prise de son d&rsquo;un instrument ext\u00e9rieur, l&rsquo;interpr\u00e9tation instrumentale, Le mastering des maquettes, la programmation des synth\u00e9tiseurs, la mise en partition pour la soci\u00e9t\u00e9 d&rsquo;\u00e9dition &#8230; pour lequel le compositeur peut demander \u00e0 \u00eatre pay\u00e9 en <strong>salaire<\/strong> (nombres d&rsquo;heures travaill\u00e9es quantifiables). C&rsquo;est cela qui va permettre au compositeur de pr\u00e9tendre \u00e0 des indemnisations ch\u00f4mage. Bien entendu, sur sa fiche de paie, il n&rsquo;est pas mentionn\u00e9 comme compositeur mais, par exemple, comme musicien (ou autre activit\u00e9 \u00e9num\u00e9r\u00e9e dans la liste non exhaustive ci-dessus)<\/li>\n<\/ol>\n<p>C\u00f4t\u00e9 Ass\u00e9dic, on vous demande de cumuler, en 10 mois, 507 heures de travail pay\u00e9es par vos employeurs sous forme de \u00ab\u00a0cachets\u00a0\u00bb en tant que salari\u00e9 (par des cachets forfaitaires de 8h ou 12 h)<br \/>\n <a href=\"http:\/\/info.assedic.fr\/demandeurs_emploi\/index.php?idarticle=24\" target=\"_blank\" rel=\"noopener nofollow\"><ins>Voir d\u00e9tails sur le calcul des heures<\/ins><\/a>.<\/p>\n<p>\nBref, pour un m\u00eame projet, l\u00e9galement il faudrait penser \u00e0 diff\u00e9rencier la part intellectuelle et la part technique : 80\/20 ou 50\/50 ou 30\/70 &#8230;. et d&rsquo;\u00eatre pay\u00e9 en cons\u00e9quence : soit <strong>2 types de r\u00e9mun\u00e9ration faisant l&rsquo;objet de 2 contrats bien distincts<\/strong>.<\/p>\n<p>Pour l&#8217;employeur (une boite de prod par ex) cela ne change rien :<br \/>\nEn salaire, les charges sont plus lourdes pour le compositeur. En outre il pourra b\u00e9n\u00e9ficier plus facilement du ch\u00f4mage.<br \/>\nEn droits d&rsquo;auteur (facture), les charges sont moins lourdes pour le compositeur. Mais pas d&rsquo;indemnisations ASSEDIC en contrepartie.<\/p>\n<p>Pour plus de pr\u00e9cisions sur le dispositif d&rsquo;indemnisation des intermittents : <a href=\"http:\/\/info.assedic.fr\/demandeurs_emploi\/index.php?idarticle=24\" target=\"_blank\" rel=\"noopener nofollow\"><ins>consulter le site de l&rsquo;ASSEDIC<\/ins><\/a><\/p>\n<p>Merci \u00e0 Thierry Dolz, Bruno Bertoli, Laurent Juillet et Damien Deshayes pour leurs t\u00e9moignages qui m&rsquo;ont permis d&rsquo;y voir plus clair&#8230;<\/p>\n<p>Consulter un <a href=\"http:\/\/www.compositeur.org\/forums\/viewtopic.php?t=1586&#038;postdays=0&#038;postorder=asc&#038;start=0\" target=\"_blank\" rel=\"noopener nofollow\"><ins>article complet<\/ins><\/a> sur la r\u00e9mun\u00e9ration des compositeurs.<\/p>\n","protected":false},"excerpt":{"rendered":"<p>OUI, mais uniquement en tant que prestataire technique (musicien, programmeur, mixeur etc&#8230;) et non comme compositeur au sens propre. Ce n&rsquo;est pas difficile, avec l&rsquo;informatique musicale et les home-studios de plus en plus sophistiqu\u00e9s, il est tout \u00e0 fait possible pour un compositeur de s\u00e9parer son travail en 2 cat\u00e9gories : Le travail d&rsquo;auteur (la [&hellip;]<\/p>\n","protected":false},"author":2,"featured_media":0,"comment_status":"closed","ping_status":"closed","sticky":false,"template":"","format":"standard","meta":{"site-sidebar-layout":"default","site-content-layout":"","ast-site-content-layout":"","site-content-style":"default","site-sidebar-style":"default","ast-global-header-display":"","ast-banner-title-visibility":"","ast-main-header-display":"","ast-hfb-above-header-display":"","ast-hfb-below-header-display":"","ast-hfb-mobile-header-display":"","site-post-title":"","ast-breadcrumbs-content":"","ast-featured-img":"","footer-sml-layout":"","theme-transparent-header-meta":"","adv-header-id-meta":"","stick-header-meta":"","header-above-stick-meta":"","header-main-stick-meta":"","header-below-stick-meta":"","astra-migrate-meta-layouts":"default","ast-page-background-enabled":"default","ast-page-background-meta":{"desktop":{"background-color":"var(--ast-global-color-4)","background-image":"","background-repeat":"repeat","background-position":"center center","background-size":"auto","background-attachment":"scroll","background-type":"","background-media":"","overlay-type":"","overlay-color":"","overlay-gradient":""},"tablet":{"background-color":"","background-image":"","background-repeat":"repeat","background-position":"center center","background-size":"auto","background-attachment":"scroll","background-type":"","background-media":"","overlay-type":"","overlay-color":"","overlay-gradient":""},"mobile":{"background-color":"","background-image":"","background-repeat":"repeat","background-position":"center center","background-size":"auto","background-attachment":"scroll","background-type":"","background-media":"","overlay-type":"","overlay-color":"","overlay-gradient":""}},"ast-content-background-meta":{"desktop":{"background-color":"var(--ast-global-color-5)","background-image":"","background-repeat":"repeat","background-position":"center center","background-size":"auto","background-attachment":"scroll","background-type":"","background-media":"","overlay-type":"","overlay-color":"","overlay-gradient":""},"tablet":{"background-color":"var(--ast-global-color-5)","background-image":"","background-repeat":"repeat","background-position":"center center","background-size":"auto","background-attachment":"scroll","background-type":"","background-media":"","overlay-type":"","overlay-color":"","overlay-gradient":""},"mobile":{"background-color":"var(--ast-global-color-5)","background-image":"","background-repeat":"repeat","background-position":"center center","background-size":"auto","background-attachment":"scroll","background-type":"","background-media":"","overlay-type":"","overlay-color":"","overlay-gradient":""}},"footnotes":""},"categories":[3],"tags":[],"class_list":["post-74","post","type-post","status-publish","format-standard","hentry","category-le-statut-du-compositeur"],"_links":{"self":[{"href":"https:\/\/www.compositeur-arrangeur.com\/blog\/wp-json\/wp\/v2\/posts\/74","targetHints":{"allow":["GET"]}}],"collection":[{"href":"https:\/\/www.compositeur-arrangeur.com\/blog\/wp-json\/wp\/v2\/posts"}],"about":[{"href":"https:\/\/www.compositeur-arrangeur.com\/blog\/wp-json\/wp\/v2\/types\/post"}],"author":[{"embeddable":true,"href":"https:\/\/www.compositeur-arrangeur.com\/blog\/wp-json\/wp\/v2\/users\/2"}],"replies":[{"embeddable":true,"href":"https:\/\/www.compositeur-arrangeur.com\/blog\/wp-json\/wp\/v2\/comments?post=74"}],"version-history":[{"count":0,"href":"https:\/\/www.compositeur-arrangeur.com\/blog\/wp-json\/wp\/v2\/posts\/74\/revisions"}],"wp:attachment":[{"href":"https:\/\/www.compositeur-arrangeur.com\/blog\/wp-json\/wp\/v2\/media?parent=74"}],"wp:term":[{"taxonomy":"category","embeddable":true,"href":"https:\/\/www.compositeur-arrangeur.com\/blog\/wp-json\/wp\/v2\/categories?post=74"},{"taxonomy":"post_tag","embeddable":true,"href":"https:\/\/www.compositeur-arrangeur.com\/blog\/wp-json\/wp\/v2\/tags?post=74"}],"curies":[{"name":"wp","href":"https:\/\/api.w.org\/{rel}","templated":true}]}}