{"id":81,"date":"2008-03-08T14:19:08","date_gmt":"2008-03-08T14:19:08","guid":{"rendered":"https:\/\/www.compositeur-arrangeur.com\/blog\/40-le-renard-et-l-enfant-la-bande-originale-que-j-ecoute-en-ce-moment\/"},"modified":"2008-03-08T14:19:08","modified_gmt":"2008-03-08T14:19:08","slug":"40-le-renard-et-l-enfant-la-bande-originale-que-j-ecoute-en-ce-moment","status":"publish","type":"post","link":"https:\/\/www.compositeur-arrangeur.com\/blog\/40-le-renard-et-l-enfant-la-bande-originale-que-j-ecoute-en-ce-moment\/","title":{"rendered":"Le Renard et l&rsquo;Enfant : la bande originale que j&rsquo;\u00e9coute en ce moment."},"content":{"rendered":"<p>\nJe suis all\u00e9 voir le film en d\u00e9cembre avec l&rsquo;une de mes filles et je dois dire que j&rsquo;ai trouv\u00e9 les images et la musique vraiment tr\u00e8s belles ! J&rsquo;\u00e9tais d&rsquo;autant plus excit\u00e9 que je savais qu&rsquo;une partie de la BO \u00e9tait \u00e9crite par David Reyes (une vieille connaissance du forum de <a href=\"http:\/\/www.traxzone.com\" target=\"_blank\" rel=\"noopener nofollow\">www.traxzone.com<\/a>, hein dreyes ?). <\/p>\n<p>Il y a 2 jours, des amis m&rsquo;ont offert le double CD (BO + l&rsquo;histoire racont\u00e9e). Depuis, je savoure les morceaux 1 \u00e0 1 \u00e0 t\u00eate repos\u00e9e, et je ne suis pas d\u00e9\u00e7u. <\/p>\n<div align=\"center\"><a href=\"https:\/\/www.compositeur-arrangeur.com\/blog\/tag\/bande-originale-le-renard-et-l-enfant\"><img decoding=\"async\" src=\"https:\/\/www.compositeur-arrangeur.com\/blog\/wp-content\/uploads\/2021\/06\/renard_enfant.jpg\" alt=\"Le Renard et L'Enfant\" \/><\/a><\/div>\n<p>Je d\u00e9couvre le travail d&rsquo;Alice Lewis et de Evgueni Galperine qui me pla\u00eet tout autant. Vraiment, cet album nous offre un beau voyage, avec une BO l\u00e9g\u00e8re et rafraichissante. A \u00e9couter dans le calme, au coin du feu ou sur sa terrasse quand viendront les beaux jours&#8230;<\/p>\n","protected":false},"excerpt":{"rendered":"<p>Je suis all\u00e9 voir le film en d\u00e9cembre avec l&rsquo;une de mes filles et je dois dire que j&rsquo;ai trouv\u00e9 les images et la musique vraiment tr\u00e8s belles ! J&rsquo;\u00e9tais d&rsquo;autant plus excit\u00e9 que je savais qu&rsquo;une partie de la BO \u00e9tait \u00e9crite par David Reyes (une vieille connaissance du forum de www.traxzone.com, hein dreyes [&hellip;]<\/p>\n","protected":false},"author":2,"featured_media":82,"comment_status":"closed","ping_status":"closed","sticky":false,"template":"","format":"standard","meta":{"site-sidebar-layout":"default","site-content-layout":"","ast-site-content-layout":"","site-content-style":"default","site-sidebar-style":"default","ast-global-header-display":"","ast-banner-title-visibility":"","ast-main-header-display":"","ast-hfb-above-header-display":"","ast-hfb-below-header-display":"","ast-hfb-mobile-header-display":"","site-post-title":"","ast-breadcrumbs-content":"","ast-featured-img":"","footer-sml-layout":"","theme-transparent-header-meta":"","adv-header-id-meta":"","stick-header-meta":"","header-above-stick-meta":"","header-main-stick-meta":"","header-below-stick-meta":"","astra-migrate-meta-layouts":"default","ast-page-background-enabled":"default","ast-page-background-meta":{"desktop":{"background-color":"var(--ast-global-color-4)","background-image":"","background-repeat":"repeat","background-position":"center center","background-size":"auto","background-attachment":"scroll","background-type":"","background-media":"","overlay-type":"","overlay-color":"","overlay-gradient":""},"tablet":{"background-color":"","background-image":"","background-repeat":"repeat","background-position":"center center","background-size":"auto","background-attachment":"scroll","background-type":"","background-media":"","overlay-type":"","overlay-color":"","overlay-gradient":""},"mobile":{"background-color":"","background-image":"","background-repeat":"repeat","background-position":"center center","background-size":"auto","background-attachment":"scroll","background-type":"","background-media":"","overlay-type":"","overlay-color":"","overlay-gradient":""}},"ast-content-background-meta":{"desktop":{"background-color":"var(--ast-global-color-5)","background-image":"","background-repeat":"repeat","background-position":"center center","background-size":"auto","background-attachment":"scroll","background-type":"","background-media":"","overlay-type":"","overlay-color":"","overlay-gradient":""},"tablet":{"background-color":"var(--ast-global-color-5)","background-image":"","background-repeat":"repeat","background-position":"center center","background-size":"auto","background-attachment":"scroll","background-type":"","background-media":"","overlay-type":"","overlay-color":"","overlay-gradient":""},"mobile":{"background-color":"var(--ast-global-color-5)","background-image":"","background-repeat":"repeat","background-position":"center center","background-size":"auto","background-attachment":"scroll","background-type":"","background-media":"","overlay-type":"","overlay-color":"","overlay-gradient":""}},"footnotes":""},"categories":[8],"tags":[],"class_list":["post-81","post","type-post","status-publish","format-standard","has-post-thumbnail","hentry","category-mes-coups-de-coeur"],"_links":{"self":[{"href":"https:\/\/www.compositeur-arrangeur.com\/blog\/wp-json\/wp\/v2\/posts\/81","targetHints":{"allow":["GET"]}}],"collection":[{"href":"https:\/\/www.compositeur-arrangeur.com\/blog\/wp-json\/wp\/v2\/posts"}],"about":[{"href":"https:\/\/www.compositeur-arrangeur.com\/blog\/wp-json\/wp\/v2\/types\/post"}],"author":[{"embeddable":true,"href":"https:\/\/www.compositeur-arrangeur.com\/blog\/wp-json\/wp\/v2\/users\/2"}],"replies":[{"embeddable":true,"href":"https:\/\/www.compositeur-arrangeur.com\/blog\/wp-json\/wp\/v2\/comments?post=81"}],"version-history":[{"count":0,"href":"https:\/\/www.compositeur-arrangeur.com\/blog\/wp-json\/wp\/v2\/posts\/81\/revisions"}],"wp:featuredmedia":[{"embeddable":true,"href":"https:\/\/www.compositeur-arrangeur.com\/blog\/wp-json\/wp\/v2\/media\/82"}],"wp:attachment":[{"href":"https:\/\/www.compositeur-arrangeur.com\/blog\/wp-json\/wp\/v2\/media?parent=81"}],"wp:term":[{"taxonomy":"category","embeddable":true,"href":"https:\/\/www.compositeur-arrangeur.com\/blog\/wp-json\/wp\/v2\/categories?post=81"},{"taxonomy":"post_tag","embeddable":true,"href":"https:\/\/www.compositeur-arrangeur.com\/blog\/wp-json\/wp\/v2\/tags?post=81"}],"curies":[{"name":"wp","href":"https:\/\/api.w.org\/{rel}","templated":true}]}}